{"id":78742,"date":"2025-03-25T09:20:00","date_gmt":"2025-03-25T15:20:00","guid":{"rendered":"https:\/\/zonaroja.com.mx\/?p=78742"},"modified":"2025-03-25T06:47:55","modified_gmt":"2025-03-25T12:47:55","slug":"en-rancho-izaguirre-si-se-rehusaban-a-ser-adiestrados-por-el-cjng-los-mataban","status":"publish","type":"post","link":"https:\/\/zonaroja.com.mx\/?p=78742","title":{"rendered":"En rancho \u201cIzaguirre\u201d, \u2018Si se rehusaban a ser adiestrados por el CJNG, los mataban\u2019"},"content":{"rendered":"\n<p>Redacci\u00f3n\/Zona Roja Cdmx.<\/p>\n\n\n\n<p>Ciudad de M\u00e9xico, a 25 de marzo de 2025.- El secretario de Seguridad y Protecci\u00f3n Ciudadana (SSPC), Omar Garc\u00eda Harfuch, afirm\u00f3 que, de acuerdo con Jos\u00e9 Gregorio \u2018N\u2019, alias El Lastra, en el rancho Izaguirre, de Teuchitl\u00e1n, Jalisco, se asesin\u00f3 y se tortur\u00f3 a quienes intentaron escapar o se resistieron a ser sicarios del C\u00e1rtel Jalisco Nueva Generaci\u00f3n (CJNG).<\/p>\n\n\n\n<p>El funcionario, en la conferencia matutina de Palacio Nacional, asegur\u00f3 adem\u00e1s que el gabinete de seguridad del gobierno de la presidenta Claudia Sheinbaum concluy\u00f3 que no hay indicios de que dicho rancho haya sido \u201cun campo de exterminio\u201d, sino que era \u201cun centro de adiestramiento\u201d.<\/p>\n\n\n\n<p>No obstante, la mandataria urgi\u00f3 al fiscal general de la Rep\u00fablica (FGR), Alejandro Gertz, a atraer el caso, con el objetivo de que, con una investigaci\u00f3n \u201ccient\u00edfica\u201d, pueda \u201csalir la verdad\u201d, porque, destac\u00f3, ha habido quienes han usado \u201ctodo esto para fabricar verdades\u201d.<\/p>\n\n\n\n<p>La titular del Ejecutivo, adem\u00e1s de hacer sentar a youtubers y medios afines en primera fila, sin sorteo de por medio, para que dijeran que en su visita al rancho Izaguirre no vieron hornos crematorios ni pertenencias de posibles v\u00edctimas, pidi\u00f3 a Garc\u00eda Harfuch informar lo que el gabinete de seguridad conoce del caso, derivado de la captura de \u2018El Lastra\u2019, quien ten\u00eda a su cargo el campo de adiestramiento del CJNG en el rancho Izaguirre, en Teuchitl\u00e1n, Jalisco, el pasado 20 de marzo.<\/p>\n\n\n\n<p>\u201cSobre el rancho Izaguirre tambi\u00e9n tenemos confirmado que era un centro de adiestramiento. Al momento no tenemos ning\u00fan indicio, y s\u00e9 que la Fiscal\u00eda General de la Rep\u00fablica contin\u00faa con la investigaci\u00f3n, pero nosotros como Secretar\u00eda de Seguridad, y las \u00e1reas de investigaci\u00f3n e inteligencia del gabinete de seguridad, (sabemos que) no hay un indicio que haya sido un campo de exterminio, como lo mencionaron, sino (que operaba) como un centro de adiestramiento\u201d, dijo el funcionario.<\/p>\n\n\n\n<p>MODO DE OPERACI\u00d3N<\/p>\n\n\n\n<p>-\u00bfHay restos humanos en el predio? \u2013cuestion\u00f3 Sheinbaum a su secretario de Seguridad.<\/p>\n\n\n\n<p>-La Fiscal\u00eda General de la Rep\u00fablica va a determinar exactamente si hay restos. Nosotros no lo tenemos confirmado. Lo que s\u00ed es que en la primera operaci\u00f3n que hizo la Secretar\u00eda de la Defensa Nacional, junto con la Guardia Nacional, hab\u00eda un cuerpo y donde se detuvieron a 10 personas \u2013respondi\u00f3 el secretario.<\/p>\n\n\n\n<p>Garc\u00eda Harfuch dio a conocer que de septiembre de 2024 a la fecha han sido detenidas 49 personas relacionadas con las actividades de reclutamiento del crimen organizado.<\/p>\n\n\n\n<p>El titular de la SSPC detall\u00f3 que el grupo de colaboradores dedicado al proceso de reclutamiento del CJNG, encabezado por El Comandante Lastra, ofertaba empleos como guardias de seguridad, con un pago de 4 mil a 12 mil pesos semanales, mediante redes sociales.<\/p>\n\n\n\n<p>Precis\u00f3 que los interesados eran citados en distintas centrales de autobuses, para ser trasladados al centro de adiestramiento en el rancho Izaguirre, donde el adoctrinamiento, que ten\u00eda aproximadamente un mes de duraci\u00f3n, consist\u00eda en el manejo de armas de fuego y acondicionamiento f\u00edsico.<\/p>\n\n\n\n<p>Explic\u00f3 que los reclutas, al llegar al lugar, dejaban sus pertenencias y eran uniformados con ropa y botas t\u00e1cticas, adem\u00e1s de que se les retiraban sus celulares.<\/p>\n\n\n\n<p>(Informaci\u00f3n de \u201cEl Financiero\u201d)<\/p>\n","protected":false},"excerpt":{"rendered":"<p>Redacci\u00f3n\/Zona Roja Cdmx. Ciudad de M\u00e9xico, a 25 de marzo de 2025.- El secretario de&hellip;<\/p>\n","protected":false},"author":2,"featured_media":78743,"comment_status":"closed","ping_status":"open","sticky":false,"template":"","format":"standard","meta":{"_lmt_disableupdate":"","_lmt_disable":"","_jetpack_memberships_contains_paid_content":false,"footnotes":""},"categories":[109,47],"tags":[4253],"class_list":["post-78742","post","type-post","status-publish","format-standard","has-post-thumbnail","hentry","category-minuto-a-minuto","category-zona-gris","tag-rancho-izaguirre"],"jetpack_featured_media_url":"https:\/\/zonaroja.com.mx\/wp-content\/uploads\/2025\/03\/Harfuch-rancho-Izaguirre-Teuchitlan.jpeg","jetpack_sharing_enabled":true,"_links":{"self":[{"href":"https:\/\/zonaroja.com.mx\/index.php?rest_route=\/wp\/v2\/posts\/78742","targetHints":{"allow":["GET"]}}],"collection":[{"href":"https:\/\/zonaroja.com.mx\/index.php?rest_route=\/wp\/v2\/posts"}],"about":[{"href":"https:\/\/zonaroja.com.mx\/index.php?rest_route=\/wp\/v2\/types\/post"}],"author":[{"embeddable":true,"href":"https:\/\/zonaroja.com.mx\/index.php?rest_route=\/wp\/v2\/users\/2"}],"replies":[{"embeddable":true,"href":"https:\/\/zonaroja.com.mx\/index.php?rest_route=%2Fwp%2Fv2%2Fcomments&post=78742"}],"version-history":[{"count":1,"href":"https:\/\/zonaroja.com.mx\/index.php?rest_route=\/wp\/v2\/posts\/78742\/revisions"}],"predecessor-version":[{"id":78744,"href":"https:\/\/zonaroja.com.mx\/index.php?rest_route=\/wp\/v2\/posts\/78742\/revisions\/78744"}],"wp:featuredmedia":[{"embeddable":true,"href":"https:\/\/zonaroja.com.mx\/index.php?rest_route=\/wp\/v2\/media\/78743"}],"wp:attachment":[{"href":"https:\/\/zonaroja.com.mx\/index.php?rest_route=%2Fwp%2Fv2%2Fmedia&parent=78742"}],"wp:term":[{"taxonomy":"category","embeddable":true,"href":"https:\/\/zonaroja.com.mx\/index.php?rest_route=%2Fwp%2Fv2%2Fcategories&post=78742"},{"taxonomy":"post_tag","embeddable":true,"href":"https:\/\/zonaroja.com.mx\/index.php?rest_route=%2Fwp%2Fv2%2Ftags&post=78742"}],"curies":[{"name":"wp","href":"https:\/\/api.w.org\/{rel}","templated":true}]}}