{"id":78745,"date":"2025-03-25T10:15:00","date_gmt":"2025-03-25T16:15:00","guid":{"rendered":"https:\/\/zonaroja.com.mx\/?p=78745"},"modified":"2025-03-25T11:09:44","modified_gmt":"2025-03-25T17:09:44","slug":"sigue-la-polemica-por-toma-de-fotografias-en-oaxaca-capital","status":"publish","type":"post","link":"https:\/\/zonaroja.com.mx\/?p=78745","title":{"rendered":"Sigue la pol\u00e9mica por toma de fotograf\u00edas en Oaxaca capital"},"content":{"rendered":"\n<p>Raymundo Morales\/Zona Roja.<\/p>\n\n\n\n<p>Oaxaca de Ju\u00e1rez, Oax., a 25 de marzo de 2024.- Tras las denuncias en redes sociales de cobros en la ciudad de Oaxaca por toma de fotograf\u00edas en espacios p\u00fablicos, el presidente municipal Raymundo Chagoya tuvo que reunirse con un grupo de fot\u00f3grafos para explicar la situaci\u00f3n.<\/p>\n\n\n\n<p>El fin de semana se dieron a conocer videos en que inspectores municipales impiden a unas personas tomar im\u00e1genes, bajo el argumento que debieran pagar por ello, lo que gener\u00f3 inconformidades.<\/p>\n\n\n\n<p>Anoche, en el palacio municipal, el edil explic\u00f3 que en lo general no hay un pago para quienes deseen tomarse una fotograf\u00eda en espacios p\u00fablicos de la ciudad, pero s\u00ed quienes buscan con ello un lucro o un fin comercial, deber\u00e1n cubrir un pago, de acuerdo con la normatividad.<\/p>\n\n\n\n<p>\u201cEvitemos caer en la desinformaci\u00f3n. Por eso dejamos claro que no se generar\u00e1 ning\u00fan costo por el uso de los espacios p\u00fablicos; vecinas y vecinos, estamos en nuestro derecho de fotografiar y videofilmar nuestra hermosa ciudad\u201d, enfatiz\u00f3.<\/p>\n\n\n\n<p>\u201cLas puertas del gobierno municipal est\u00e1n abiertas. Escuchamos los comentarios de cada uno de los asistentes, despejando las dudas y aclarando la informaci\u00f3n falsa que hab\u00eda circulado\u201d, dijo el presidente municipal.<\/p>\n\n\n\n<p>Sin embargo, la irritaci\u00f3n persiste y contin\u00faa abierta una convocatoria para toma masiva de fotograf\u00edas, el pr\u00f3ximo 29 de marzo, con la finalidad de expresar su desacuerdo con la medida.<\/p>\n\n\n\n<p>DESINFORMACI\u00d3N<\/p>\n\n\n\n<p>\u201cRespecto a las decisiones del gobierno municipal de Oaxaca de Ju\u00e1rez, primero que nada, entiendo que se busque regular el uso de los espacios p\u00fablicos, sobre todo cuando hay fines comerciales.&nbsp;<\/p>\n\n\n\n<p>\u201cPero el problema real viene cuando se generaliza. Esta ley no hace ninguna distinci\u00f3n entre una producci\u00f3n de miles de pesos y el trabajo de un fot\u00f3grafo independiente o un emprendedor que apenas va empezando. Nos meten a todos en la misma caja, y eso no est\u00e1 bien\u201d.<\/p>\n\n\n\n<p>Eso opini\u00f3n en redes sociales Josh Carrasco, quien detall\u00f3 que es un joven trabajador que con una agencia de marketing, como fot\u00f3grafo emprendedor, colabora todos los d\u00edas con peque\u00f1os comercios.<\/p>\n\n\n\n<p>\u201cHe visto de cerca lo complicado que ya es emprender en Oaxaca. Me ha tocado ver casos donde una persona necesita una sesi\u00f3n o una campa\u00f1a de redes para sacar adelante su negocio, pero no tiene para pagar lo justo. Y no todo es \u00b4nosotros somos un negocio y punto\u00b4\u201d.&nbsp;<\/p>\n\n\n\n<p>Explic\u00f3 que muchas veces hay una competencia desleal y por otro lado, las autoridades dan preferencia a personas extranjeras que s\u00ed tienen dinero, que s\u00ed pagan permisos caros.<\/p>\n\n\n\n<p>\u201c\u00bfY el oaxaque\u00f1o? \u00bfD\u00f3nde queda? Esta ley, lejos de ayudarnos, tambi\u00e9n les roba a ellos la oportunidad de crecer y posicionarse en su propia tierra. \u00bfD\u00f3nde est\u00e1 el apoyo realmente?\u201d, destac\u00f3 en su perfil de Facebook.<\/p>\n","protected":false},"excerpt":{"rendered":"<p>Raymundo Morales\/Zona Roja. Oaxaca de Ju\u00e1rez, Oax., a 25 de marzo de 2024.- Tras las&hellip;<\/p>\n","protected":false},"author":2,"featured_media":78746,"comment_status":"closed","ping_status":"open","sticky":false,"template":"","format":"standard","meta":{"_lmt_disableupdate":"","_lmt_disable":"","_jetpack_memberships_contains_paid_content":false,"footnotes":""},"categories":[109,47],"tags":[148],"class_list":["post-78745","post","type-post","status-publish","format-standard","has-post-thumbnail","hentry","category-minuto-a-minuto","category-zona-gris","tag-oaxaca-de-juarez"],"jetpack_featured_media_url":"https:\/\/zonaroja.com.mx\/wp-content\/uploads\/2025\/03\/Convocatoria-toma-de-fotografias-Oaxaca.jpeg","jetpack_sharing_enabled":true,"_links":{"self":[{"href":"https:\/\/zonaroja.com.mx\/index.php?rest_route=\/wp\/v2\/posts\/78745","targetHints":{"allow":["GET"]}}],"collection":[{"href":"https:\/\/zonaroja.com.mx\/index.php?rest_route=\/wp\/v2\/posts"}],"about":[{"href":"https:\/\/zonaroja.com.mx\/index.php?rest_route=\/wp\/v2\/types\/post"}],"author":[{"embeddable":true,"href":"https:\/\/zonaroja.com.mx\/index.php?rest_route=\/wp\/v2\/users\/2"}],"replies":[{"embeddable":true,"href":"https:\/\/zonaroja.com.mx\/index.php?rest_route=%2Fwp%2Fv2%2Fcomments&post=78745"}],"version-history":[{"count":2,"href":"https:\/\/zonaroja.com.mx\/index.php?rest_route=\/wp\/v2\/posts\/78745\/revisions"}],"predecessor-version":[{"id":78752,"href":"https:\/\/zonaroja.com.mx\/index.php?rest_route=\/wp\/v2\/posts\/78745\/revisions\/78752"}],"wp:featuredmedia":[{"embeddable":true,"href":"https:\/\/zonaroja.com.mx\/index.php?rest_route=\/wp\/v2\/media\/78746"}],"wp:attachment":[{"href":"https:\/\/zonaroja.com.mx\/index.php?rest_route=%2Fwp%2Fv2%2Fmedia&parent=78745"}],"wp:term":[{"taxonomy":"category","embeddable":true,"href":"https:\/\/zonaroja.com.mx\/index.php?rest_route=%2Fwp%2Fv2%2Fcategories&post=78745"},{"taxonomy":"post_tag","embeddable":true,"href":"https:\/\/zonaroja.com.mx\/index.php?rest_route=%2Fwp%2Fv2%2Ftags&post=78745"}],"curies":[{"name":"wp","href":"https:\/\/api.w.org\/{rel}","templated":true}]}}