{"id":78748,"date":"2025-03-25T11:03:00","date_gmt":"2025-03-25T17:03:00","guid":{"rendered":"https:\/\/zonaroja.com.mx\/?p=78748"},"modified":"2025-03-25T07:12:24","modified_gmt":"2025-03-25T13:12:24","slug":"pide-senador-a-oposicion-actuar-con-respeto-hacia-victimas-de-desaparicion","status":"publish","type":"post","link":"https:\/\/zonaroja.com.mx\/?p=78748","title":{"rendered":"Pide senador a oposici\u00f3n actuar con respeto hacia v\u00edctimas de desaparici\u00f3n"},"content":{"rendered":"\n<p>Redacci\u00f3n\/Zona Roja Cdmx.<\/p>\n\n\n\n<p>Ciudad de M\u00e9xico, a 25 de marzo de 2025.- El senador Antonino Morales exigi\u00f3 a la oposici\u00f3n dejar de manosear el tema del rancho \u201cIzaguirre\u201d en Teuchitl\u00e1n, Jalisco, porque la autoridad est\u00e1 dando resultados inmediatos y, en unos d\u00edas, se discutir\u00e1 la iniciativa presidencial en materia de desapariciones donde Morena fijar\u00e1 su posici\u00f3n.<\/p>\n\n\n\n<p>Resalt\u00f3 que, contrario a otros gobiernos que fueron omisos con el tema de las desapariciones, la Cuarta Transformaci\u00f3n ha asumido la responsabilidad y trabaja para erradicar de fondo la violencia atendiendo sus causas, entre ellas, garantizando a las y los j\u00f3venes acceso a la educaci\u00f3n y al trabajo para impedir que sean enganchados por la delincuencia ante la falta de oportunidades.<\/p>\n\n\n\n<p>\u201cEl gobierno de la Presidenta Claudia Sheinbaum no solamente ha dado continuidad sino que ha fortalecido los programas sociales iniciados en el gobierno del licenciado Andr\u00e9s Manuel L\u00f3pez Obrador, destinando un mayor presupuesto para que los apoyos que se otorgan van desde los mil 900 pesos hasta los casi 9 mil y han ayudado a las y los estudiantes a salir adelante\u201d, remarc\u00f3.<\/p>\n\n\n\n<p>En este contexto, el integrante de la Comisi\u00f3n de Derechos Humanos del Senado exigi\u00f3 a la oposici\u00f3n que deje de sacar raja pol\u00edtica del tema y respete a las familias.<\/p>\n\n\n\n<p>A nadie en su sano juicio se le ocurrir\u00eda llevar al pleno un par de zapatos a la tribuna, un espect\u00e1culo grotesco e inmoral, como lo hicieron la semana pasada; nosotros daremos un debate serio y con argumentos, manifest\u00f3 el senador oaxaque\u00f1o.<\/p>\n\n\n\n<p>Quien record\u00f3 que, en su momento, saldr\u00e1 la verdad de los verdaderos culpables que por omisi\u00f3n o complicidad tienen responsabilidad en lo sucedido en ese rancho.<\/p>\n\n\n\n<p>\u201cQue no pretendan lavarse las manos, la crisis de seguridad y corrupci\u00f3n de los gobiernos de Fox, Calder\u00f3n y Pe\u00f1a Nieto no termin\u00f3 en 2018; la violencia que hoy vivimos es la herencia de gobiernos ineptos, corruptos y coludidos con el narcotr\u00e1fico.\u201d<\/p>\n\n\n\n<p>La autoridad, apunt\u00f3, ya est\u00e1 trabajando y retir\u00f3 del alcance de los j\u00f3venes p\u00e1ginas de redes sociales con las que se enganchaba a adolescentes necesitados de trabajo.<\/p>\n\n\n\n<p>Por otra parte, la prensa ha dado a conocer que las primeras quejas de irregularidades en esa zona de Teuchitl\u00e1n y Tala vienen desde hace tres sexenios bajo el mandato del priista Arist\u00f3teles Sandoval, cuando se reportaron campamentos de entrenamiento de crimen organizado.<\/p>\n\n\n\n<p>\u201cNosotros no rehuimos ning\u00fan debate. Somos prudentes y dimos espacio a las autoridades de hacer su trabajo, pero lleg\u00f3 el momento de responder a las mentiras e infamias de la oposici\u00f3n que han rodeado este tema. Dicen que es el mayor campo de exterminio \u00bfYa olvidaron La Gallera de Tijuana, las fosas de San Fernando, o las halladas en el paraje de La Bartolina?<\/p>\n","protected":false},"excerpt":{"rendered":"<p>Redacci\u00f3n\/Zona Roja Cdmx. Ciudad de M\u00e9xico, a 25 de marzo de 2025.- El senador Antonino&hellip;<\/p>\n","protected":false},"author":2,"featured_media":78595,"comment_status":"closed","ping_status":"open","sticky":false,"template":"","format":"standard","meta":{"_lmt_disableupdate":"","_lmt_disable":"","_jetpack_memberships_contains_paid_content":false,"footnotes":""},"categories":[109,46],"tags":[180],"class_list":["post-78748","post","type-post","status-publish","format-standard","has-post-thumbnail","hentry","category-minuto-a-minuto","category-zona-blanca","tag-antonino-morales-toledo"],"jetpack_featured_media_url":"https:\/\/zonaroja.com.mx\/wp-content\/uploads\/2025\/03\/Antonino-Morales-1.jpg","jetpack_sharing_enabled":true,"_links":{"self":[{"href":"https:\/\/zonaroja.com.mx\/index.php?rest_route=\/wp\/v2\/posts\/78748","targetHints":{"allow":["GET"]}}],"collection":[{"href":"https:\/\/zonaroja.com.mx\/index.php?rest_route=\/wp\/v2\/posts"}],"about":[{"href":"https:\/\/zonaroja.com.mx\/index.php?rest_route=\/wp\/v2\/types\/post"}],"author":[{"embeddable":true,"href":"https:\/\/zonaroja.com.mx\/index.php?rest_route=\/wp\/v2\/users\/2"}],"replies":[{"embeddable":true,"href":"https:\/\/zonaroja.com.mx\/index.php?rest_route=%2Fwp%2Fv2%2Fcomments&post=78748"}],"version-history":[{"count":1,"href":"https:\/\/zonaroja.com.mx\/index.php?rest_route=\/wp\/v2\/posts\/78748\/revisions"}],"predecessor-version":[{"id":78749,"href":"https:\/\/zonaroja.com.mx\/index.php?rest_route=\/wp\/v2\/posts\/78748\/revisions\/78749"}],"wp:featuredmedia":[{"embeddable":true,"href":"https:\/\/zonaroja.com.mx\/index.php?rest_route=\/wp\/v2\/media\/78595"}],"wp:attachment":[{"href":"https:\/\/zonaroja.com.mx\/index.php?rest_route=%2Fwp%2Fv2%2Fmedia&parent=78748"}],"wp:term":[{"taxonomy":"category","embeddable":true,"href":"https:\/\/zonaroja.com.mx\/index.php?rest_route=%2Fwp%2Fv2%2Fcategories&post=78748"},{"taxonomy":"post_tag","embeddable":true,"href":"https:\/\/zonaroja.com.mx\/index.php?rest_route=%2Fwp%2Fv2%2Ftags&post=78748"}],"curies":[{"name":"wp","href":"https:\/\/api.w.org\/{rel}","templated":true}]}}