{"id":78750,"date":"2025-03-25T12:15:00","date_gmt":"2025-03-25T18:15:00","guid":{"rendered":"https:\/\/zonaroja.com.mx\/?p=78750"},"modified":"2025-03-25T07:16:24","modified_gmt":"2025-03-25T13:16:24","slug":"opinion-la-otra-primavera-magisterial","status":"publish","type":"post","link":"https:\/\/zonaroja.com.mx\/?p=78750","title":{"rendered":"Opini\u00f3n. La otra primavera (magisterial)"},"content":{"rendered":"\n<p>Isidoro Yescas*<\/p>\n\n\n\n<p>No es&nbsp;de&nbsp;la&nbsp;marchita&nbsp;Primavera Oaxaque\u00f1a de la que ahora&nbsp;me ocupo, sino&nbsp;de&nbsp;la nueva etapa de la lucha magisterial nacional encabezada por la CNTE para demandar del gobierno federal la atenci\u00f3n a un pliego petitorio que no solamente incluye la abrogaci\u00f3n de la Ley del ISSSTE del 2025,&nbsp;iniciativa ya retirada de &nbsp;la C\u00e1mara de Diputados&nbsp;por la presidenta Claudia Sheinbaum, sino tambi\u00e9n de la abrogaci\u00f3n de &nbsp;la Ley del ISSSTE del 2007, lesiva no solamente a la seguridad social del magisterio sino de poco m\u00e1s de 3 millones de trabajadores activos y jubilados&nbsp;al servicio del Estado. &nbsp;<\/p>\n\n\n\n<p>En el posicionamiento que la&nbsp;CNTE&nbsp;difundi\u00f3&nbsp;durante su reciente&nbsp;paro nacional (19-21 de marzo)&nbsp;sus principales demandas giran a torno a los siguientes puntos:<\/p>\n\n\n\n<p>\u201c1.-&nbsp;Debe construirse una nueva propuesta de Ley del ISSSTE con la CNTE y el resto de trabajadores activos y jubilados al servicio del Estado, como resultado de una amplia consulta donde se ponga al centro el beneficio de los trabajadores y sus familias.<\/p>\n\n\n\n<p>2.-&nbsp;Es necesario el aumento de las pensiones y jubilaciones, de acuerdo con el&nbsp;art. 170 de la Ley del Seguro Social, evitando que haya&nbsp;pensiones&nbsp;por debajo de un salario m\u00ednimo vigente, tal y como lo establece el&nbsp;art. 123 Constitucional.<\/p>\n\n\n\n<p>3.-&nbsp;Se debe garantizar una estrategia que se traduzca en la mejora integral de los servicios de salud con cl\u00ednicas y hospitales del ISSSTE que cuenten con personal m\u00e9dico suficiente, infraestructura actualizada y moderna; cuadro completo de medicamentos y trato humanitario a las y los derechohabientes.&nbsp;<\/p>\n\n\n\n<p>4.-&nbsp;Es urgente una reforma fiscal para gravar conforme a derecho los cuantiosos ingresos y utilidades que obtienen los banqueros y empresarios para que las autoridades del ISSSTE recuperen en lo inmediato los m\u00e1s de 90 mil millones de pesos que adeudan al Instituto los patrones y gobernadores de los&nbsp;estados de las aportaciones ya cobradas a los trabajadores; y que a los incumplidos se&nbsp;les&nbsp;apliquen las sanciones correspondientes conforme a derecho.\u201d<\/p>\n\n\n\n<p>Lo que ahora la&nbsp;dirigencia de&nbsp;la&nbsp;CNTE&nbsp;ha denominado&nbsp;\u201cla nueva primavera magisterial\u201d es la reactivaci\u00f3n a nivel nacional de sus movilizaciones que&nbsp;se llevaron con una amplitud e intensidad similar &nbsp;entre el&nbsp;2015&nbsp;y 2016,&nbsp;cuando&nbsp;algunas&nbsp;secciones&nbsp;de la Coordinadora, pero&nbsp;fundamentalmente&nbsp;la secci\u00f3n 22 del SNTE, ganaron las calles y presionaron con paros y bloqueos al Aeropuerto Internacional de la Cdmx para oponerse e intentar tumbar la reforma educativa de Enrique Pe\u00f1a Nieto.&nbsp;<\/p>\n\n\n\n<p>Si bien es cierto que con el solo amago del paro de tres d\u00edas la CNTE&nbsp;consigui\u00f3&nbsp;ahora&nbsp;que la presidente Claudia Sheinbaum retirara su iniciativa de una nueva reforma a la Ley del ISSSTE,&nbsp;que &nbsp;no se ajust\u00f3 a&nbsp;los intereses del magisterio disidente, este logro es apenas la punta del&nbsp;iceberg de un pliego de demandas m\u00e1s amplio&nbsp;(&nbsp;vgr, incremento de pensiones y jubilaciones, retorno a las cotizaciones&nbsp;de las pensiones&nbsp;con base al salario m\u00ednimo y no al UMA, etc.) que de no atenderse antes del mes de mayo podr\u00eda&nbsp;llevarlos a considerar&nbsp;la posibilidad de&nbsp;estallar&nbsp;un paro&nbsp;nacional&nbsp;indefinido.&nbsp;<\/p>\n\n\n\n<p>Sin embargo, ya la presidenta ha advertido sobre las dificultades para comprometer un presupuesto adicional al ya aprobado por el Congreso federal para &nbsp;este 2025 &nbsp;y &nbsp;as\u00ed responder afirmativamente al pliego petitorio del magisterio.&nbsp;<\/p>\n\n\n\n<p>Lo anterior, sumado a las ofrecimientos que ya puso sobre la mesa de las negociaciones&nbsp;desde el momento mismo que retir\u00f3 su iniciativa,&nbsp;configuran un escenario en donde solo habr\u00eda de dos, en la perspectiva y estrategias de lucha de la CNTE: o el&nbsp;congreso federal&nbsp;abroga la Ley del ISSSTE del 2007 y&nbsp;se&nbsp;construye una nueva propuesta a partir de una amplia consulta,&nbsp;o ante&nbsp;su inocultable&nbsp;insolvencia presupuestal, el gobierno federal apostar\u00e1&nbsp;a otras salidas&nbsp;administrativas y legislativas&nbsp;sin romper con el magisterio. &nbsp;<\/p>\n\n\n\n<p>Y en esto \u00faltimo es en donde todav\u00eda hace falta que&nbsp;la CNTE, pero sobre todo&nbsp;las &nbsp;secciones&nbsp;sindicales con gran peso pol\u00edtico &nbsp;como las de Oaxaca, Michoac\u00e1n, Chiapas y la Cdmx,&nbsp;analicen y &nbsp;valoren si en las semanas que corren&nbsp;ser\u00e1n capaces de consensuar un paro indefinido&nbsp;para el mes de mayo,&nbsp;que necesariamente requerir\u00e1 de una enorme acumulaci\u00f3n de fuerzas propias y de alianzas&nbsp;con otras secciones del SNTE y de la burocracia federal.&nbsp;<\/p>\n\n\n\n<p>Y en esa&nbsp;ruta ,&nbsp;ya &nbsp;la secci\u00f3n 22 del SNTE &nbsp; prepara &nbsp; la organizaci\u00f3n de su Congreso Pol\u00edtico para fijar posturas en torno a este tema &nbsp;y trazar su propia estrategia para las jornadas de mayo en el estado de Oaxaca. &nbsp;<\/p>\n\n\n\n<p>*Maestro en Sociolog\u00eda.<\/p>\n\n\n\n<p>X:@YescasIsidoro &nbsp; &nbsp;<\/p>\n\n\n\n<p>Faceboock:&nbsp;IsidoroYescas<\/p>\n","protected":false},"excerpt":{"rendered":"<p>Isidoro Yescas* No es&nbsp;de&nbsp;la&nbsp;marchita&nbsp;Primavera Oaxaque\u00f1a de la que ahora&nbsp;me ocupo, sino&nbsp;de&nbsp;la nueva etapa de la&hellip;<\/p>\n","protected":false},"author":2,"featured_media":78328,"comment_status":"closed","ping_status":"open","sticky":false,"template":"","format":"standard","meta":{"_lmt_disableupdate":"","_lmt_disable":"","_jetpack_memberships_contains_paid_content":false,"footnotes":""},"categories":[456,109],"tags":[3998],"class_list":["post-78750","post","type-post","status-publish","format-standard","has-post-thumbnail","hentry","category-columna","category-minuto-a-minuto","tag-isidoro-yescas-martinez"],"jetpack_featured_media_url":"https:\/\/zonaroja.com.mx\/wp-content\/uploads\/2025\/03\/Isidoro-Yescas-Martinez.jpg","jetpack_sharing_enabled":true,"_links":{"self":[{"href":"https:\/\/zonaroja.com.mx\/index.php?rest_route=\/wp\/v2\/posts\/78750","targetHints":{"allow":["GET"]}}],"collection":[{"href":"https:\/\/zonaroja.com.mx\/index.php?rest_route=\/wp\/v2\/posts"}],"about":[{"href":"https:\/\/zonaroja.com.mx\/index.php?rest_route=\/wp\/v2\/types\/post"}],"author":[{"embeddable":true,"href":"https:\/\/zonaroja.com.mx\/index.php?rest_route=\/wp\/v2\/users\/2"}],"replies":[{"embeddable":true,"href":"https:\/\/zonaroja.com.mx\/index.php?rest_route=%2Fwp%2Fv2%2Fcomments&post=78750"}],"version-history":[{"count":1,"href":"https:\/\/zonaroja.com.mx\/index.php?rest_route=\/wp\/v2\/posts\/78750\/revisions"}],"predecessor-version":[{"id":78751,"href":"https:\/\/zonaroja.com.mx\/index.php?rest_route=\/wp\/v2\/posts\/78750\/revisions\/78751"}],"wp:featuredmedia":[{"embeddable":true,"href":"https:\/\/zonaroja.com.mx\/index.php?rest_route=\/wp\/v2\/media\/78328"}],"wp:attachment":[{"href":"https:\/\/zonaroja.com.mx\/index.php?rest_route=%2Fwp%2Fv2%2Fmedia&parent=78750"}],"wp:term":[{"taxonomy":"category","embeddable":true,"href":"https:\/\/zonaroja.com.mx\/index.php?rest_route=%2Fwp%2Fv2%2Fcategories&post=78750"},{"taxonomy":"post_tag","embeddable":true,"href":"https:\/\/zonaroja.com.mx\/index.php?rest_route=%2Fwp%2Fv2%2Ftags&post=78750"}],"curies":[{"name":"wp","href":"https:\/\/api.w.org\/{rel}","templated":true}]}}