{"id":78753,"date":"2025-03-25T14:06:00","date_gmt":"2025-03-25T20:06:00","guid":{"rendered":"https:\/\/zonaroja.com.mx\/?p=78753"},"modified":"2025-03-25T13:07:49","modified_gmt":"2025-03-25T19:07:49","slug":"el-13-4-de-ninez-en-mexico-en-rezago-educativo","status":"publish","type":"post","link":"https:\/\/zonaroja.com.mx\/?p=78753","title":{"rendered":"El 13.4% de ni\u00f1ez en M\u00e9xico, en rezago educativo"},"content":{"rendered":"\n<p>Redacci\u00f3n\/Zona Roja Cdmx.<\/p>\n\n\n\n<p>Ciudad de M\u00e9xico, a 25 de marzo de 2025.- En el 2022, 13.4 por ciento de las ni\u00f1as y ni\u00f1os (NN) en primera infancia ten\u00eda rezago educativo, inform\u00f3 el Consejo Nacional de Evaluaci\u00f3n de la Pol\u00edtica de Desarrollo Social (Coneval).<\/p>\n\n\n\n<p>En un estudio que present\u00f3 hoy sobre el ejercicio de los derechos sociales de ni\u00f1as, ni\u00f1os y adolescentes, el Coneval expuso que de acuerdo con la Secretar\u00eda de Educaci\u00f3n P\u00fablica (SEP), en el ciclo escolar 2022-2023, la tasa neta de atenci\u00f3n a menores de 3 a\u00f1os en educaci\u00f3n inicial fue de 3.4 infantes por cada 100 personas, y la tasa neta de escolarizaci\u00f3n en prescolar (3 a 5 a\u00f1os) fue de 66.6 por cada 100 menores en ese rango de edad.<\/p>\n\n\n\n<p>Datos del Instituto Nacional de Estad\u00edstica y Geograf\u00eda (Inegi) se\u00f1alan que la principal raz\u00f3n por la que la poblaci\u00f3n en primera infancia no asisti\u00f3 a la educaci\u00f3n inicial o prescolar en 2022 fue porque no se consider\u00f3 que tuvieran la necesidad de hacerlo debido a que \u201cest\u00e1 peque\u00f1o\/a\u201d.<\/p>\n\n\n\n<p>El Coneval se\u00f1al\u00f3 que el desconocimiento de la relevancia de la educaci\u00f3n en esta etapa puede conducir a una privaci\u00f3n de los servicios esenciales para promover el aprendizaje en la primera infancia.<\/p>\n\n\n\n<p>En cuanto a la cobertura de vacunaci\u00f3n con esquema completo en menores de un a\u00f1o, aument\u00f3 de 81.3 por ciento en 2018 a 86.6 por ciento en 2022. La anemia afect\u00f3 a 10.1 por ciento de las adolescentes no embarazadas, el porcentaje m\u00e1s alto entre los grupos de ni\u00f1os, ni\u00f1as y adolescentes.<\/p>\n\n\n\n<p>Coneval destac\u00f3 que en M\u00e9xico el embarazo adolescente es una problem\u00e1tica de salud p\u00fablica y social, datos de la Encuesta Nacional de la Din\u00e1mica Demogr\u00e1fica (ENADID) 2023 revelan que la tasa espec\u00edfica de fecundidad de las mujeres de 15 a 19 a\u00f1os fue de 45.2 hijos nacidos vivos por cada mil mujeres.<\/p>\n\n\n\n<p>En 2022, 45.8 por ciento de los ni\u00f1os, ni\u00f1as y adolescentes en M\u00e9xico se encontraba en situaci\u00f3n de pobreza y 9.9 por ciento en situaci\u00f3n de pobreza extrema.<\/p>\n\n\n\n<p>(Informaci\u00f3n de \u201cLa Jornada\u201d)<\/p>\n","protected":false},"excerpt":{"rendered":"<p>Redacci\u00f3n\/Zona Roja Cdmx. Ciudad de M\u00e9xico, a 25 de marzo de 2025.- En el 2022,&hellip;<\/p>\n","protected":false},"author":2,"featured_media":71771,"comment_status":"closed","ping_status":"open","sticky":false,"template":"","format":"standard","meta":{"_lmt_disableupdate":"","_lmt_disable":"","_jetpack_memberships_contains_paid_content":false,"footnotes":""},"categories":[109,47],"tags":[],"class_list":["post-78753","post","type-post","status-publish","format-standard","has-post-thumbnail","hentry","category-minuto-a-minuto","category-zona-gris"],"jetpack_featured_media_url":"https:\/\/zonaroja.com.mx\/wp-content\/uploads\/2024\/08\/Regreso-a-clases-salon.jpeg","jetpack_sharing_enabled":true,"_links":{"self":[{"href":"https:\/\/zonaroja.com.mx\/index.php?rest_route=\/wp\/v2\/posts\/78753","targetHints":{"allow":["GET"]}}],"collection":[{"href":"https:\/\/zonaroja.com.mx\/index.php?rest_route=\/wp\/v2\/posts"}],"about":[{"href":"https:\/\/zonaroja.com.mx\/index.php?rest_route=\/wp\/v2\/types\/post"}],"author":[{"embeddable":true,"href":"https:\/\/zonaroja.com.mx\/index.php?rest_route=\/wp\/v2\/users\/2"}],"replies":[{"embeddable":true,"href":"https:\/\/zonaroja.com.mx\/index.php?rest_route=%2Fwp%2Fv2%2Fcomments&post=78753"}],"version-history":[{"count":1,"href":"https:\/\/zonaroja.com.mx\/index.php?rest_route=\/wp\/v2\/posts\/78753\/revisions"}],"predecessor-version":[{"id":78754,"href":"https:\/\/zonaroja.com.mx\/index.php?rest_route=\/wp\/v2\/posts\/78753\/revisions\/78754"}],"wp:featuredmedia":[{"embeddable":true,"href":"https:\/\/zonaroja.com.mx\/index.php?rest_route=\/wp\/v2\/media\/71771"}],"wp:attachment":[{"href":"https:\/\/zonaroja.com.mx\/index.php?rest_route=%2Fwp%2Fv2%2Fmedia&parent=78753"}],"wp:term":[{"taxonomy":"category","embeddable":true,"href":"https:\/\/zonaroja.com.mx\/index.php?rest_route=%2Fwp%2Fv2%2Fcategories&post=78753"},{"taxonomy":"post_tag","embeddable":true,"href":"https:\/\/zonaroja.com.mx\/index.php?rest_route=%2Fwp%2Fv2%2Ftags&post=78753"}],"curies":[{"name":"wp","href":"https:\/\/api.w.org\/{rel}","templated":true}]}}