{"id":78757,"date":"2025-03-25T17:09:00","date_gmt":"2025-03-25T23:09:00","guid":{"rendered":"https:\/\/zonaroja.com.mx\/?p=78757"},"modified":"2025-03-25T13:19:33","modified_gmt":"2025-03-25T19:19:33","slug":"inicia-proceso-para-eleccion-de-la-diosa-centeotl-2025","status":"publish","type":"post","link":"https:\/\/zonaroja.com.mx\/?p=78757","title":{"rendered":"Inicia proceso para elecci\u00f3n de la Diosa Cent\u00e9otl 2025"},"content":{"rendered":"\n<p>Redacci\u00f3n\/Zona Roja.<\/p>\n\n\n\n<p>Oaxaca de Ju\u00e1rez Oax. 25 de marzo de 2025.- El Gobierno del Estado de Oaxaca y el Comit\u00e9 Organizador de la Guelaguetza del Lunes del Cerro y su Octava 2025, a trav\u00e9s de la Secretar\u00eda de las Culturas y Artes (Seculta), invita a las mujeres ind\u00edgenas, afromexicanas y mestizas de las ocho regiones de la entidad, a participar en la convocatoria para elegir a la representante de la Diosa Cent\u00e9otl 2025.<\/p>\n\n\n\n<p>Las bases establecen que cada municipio interesado deber\u00e1 conformar una Comisi\u00f3n Cultural Comunitaria, que dar\u00e1 a conocer mediante un dictamen oficial a quien participar\u00e1 en el certamen estatal a efectuarse el 20 y 21 de junio de 2025.<\/p>\n\n\n\n<p>Podr\u00e1n inscribirse las mujeres mayores de 18 a\u00f1os nacidas y originarias del municipio, sin limitar su registro por razones de estado civil, religi\u00f3n, color, ideolog\u00eda, origen \u00e9tnico, condici\u00f3n social y econ\u00f3mica, o alguna discapacidad.<\/p>\n\n\n\n<p>Cabe destacar que las oaxaque\u00f1as inscritas en emisiones anteriores no podr\u00e1n participar en el presente concurso.<\/p>\n\n\n\n<p>Esta convocatoria, vigente del 24 de marzo al 24 de abril, prev\u00e9 dos etapas en el proceso de selecci\u00f3n, en las cuales, las participantes expondr\u00e1n tem\u00e1ticas, como: &nbsp;identidad cultural, pr\u00e1cticas culturales y costumbres de su municipio; empoderamiento social, pol\u00edtico y econ\u00f3mico de la mujer en su comunidad.<\/p>\n\n\n\n<p>Adem\u00e1s, contexto social y territorial de su localidad; acciones culturales que realiza en beneficio de su comunidad; lenguas originarias de su municipio y su contexto social; organizaci\u00f3n social y valores de su comunidad; patrimonio cultural material e inmaterial de su municipalidad.<\/p>\n\n\n\n<p>Los requisitos y formatos de inscripci\u00f3n se pueden consultar en la p\u00e1gina oficial de la Secretar\u00eda de las Culturas y Artes a trav\u00e9s del siguiente enlace: https:\/\/www.oaxaca.gob.mx\/seculta\/convocatoria-diosa-centeotl-2025\/.<\/p>\n\n\n\n<p>Con estas acciones el Gobierno de la Primavera Oaxaque\u00f1a reconoce a las mujeres como depositarias de pensamientos, saberes y acciones, que han contribuido en la organizaci\u00f3n social, conservaci\u00f3n de las lenguas originarias, tradiciones, la protecci\u00f3n de la riqueza natural y el medio ambiente, as\u00ed como la danza, poes\u00eda, m\u00fasica y gastronom\u00eda de sus comunidades.<\/p>\n","protected":false},"excerpt":{"rendered":"<p>Redacci\u00f3n\/Zona Roja. Oaxaca de Ju\u00e1rez Oax. 25 de marzo de 2025.- El Gobierno del Estado&hellip;<\/p>\n","protected":false},"author":2,"featured_media":78758,"comment_status":"closed","ping_status":"open","sticky":false,"template":"","format":"standard","meta":{"_lmt_disableupdate":"","_lmt_disable":"","_jetpack_memberships_contains_paid_content":false,"footnotes":""},"categories":[109,46],"tags":[],"class_list":["post-78757","post","type-post","status-publish","format-standard","has-post-thumbnail","hentry","category-minuto-a-minuto","category-zona-blanca"],"jetpack_featured_media_url":"https:\/\/zonaroja.com.mx\/wp-content\/uploads\/2025\/03\/Lanza-Seculta-convocatoria-para-seleccion-de-representante-de-la-Diosa-Centeotl-2025-1.jpg","jetpack_sharing_enabled":true,"_links":{"self":[{"href":"https:\/\/zonaroja.com.mx\/index.php?rest_route=\/wp\/v2\/posts\/78757","targetHints":{"allow":["GET"]}}],"collection":[{"href":"https:\/\/zonaroja.com.mx\/index.php?rest_route=\/wp\/v2\/posts"}],"about":[{"href":"https:\/\/zonaroja.com.mx\/index.php?rest_route=\/wp\/v2\/types\/post"}],"author":[{"embeddable":true,"href":"https:\/\/zonaroja.com.mx\/index.php?rest_route=\/wp\/v2\/users\/2"}],"replies":[{"embeddable":true,"href":"https:\/\/zonaroja.com.mx\/index.php?rest_route=%2Fwp%2Fv2%2Fcomments&post=78757"}],"version-history":[{"count":1,"href":"https:\/\/zonaroja.com.mx\/index.php?rest_route=\/wp\/v2\/posts\/78757\/revisions"}],"predecessor-version":[{"id":78759,"href":"https:\/\/zonaroja.com.mx\/index.php?rest_route=\/wp\/v2\/posts\/78757\/revisions\/78759"}],"wp:featuredmedia":[{"embeddable":true,"href":"https:\/\/zonaroja.com.mx\/index.php?rest_route=\/wp\/v2\/media\/78758"}],"wp:attachment":[{"href":"https:\/\/zonaroja.com.mx\/index.php?rest_route=%2Fwp%2Fv2%2Fmedia&parent=78757"}],"wp:term":[{"taxonomy":"category","embeddable":true,"href":"https:\/\/zonaroja.com.mx\/index.php?rest_route=%2Fwp%2Fv2%2Fcategories&post=78757"},{"taxonomy":"post_tag","embeddable":true,"href":"https:\/\/zonaroja.com.mx\/index.php?rest_route=%2Fwp%2Fv2%2Ftags&post=78757"}],"curies":[{"name":"wp","href":"https:\/\/api.w.org\/{rel}","templated":true}]}}