{"id":7876,"date":"2020-01-20T21:14:42","date_gmt":"2020-01-21T03:14:42","guid":{"rendered":"http:\/\/www.zonaroja.com.mx\/?p=7876"},"modified":"2020-01-20T21:14:44","modified_gmt":"2020-01-21T03:14:44","slug":"ingobernabilidad-en-ayotzintepec-19-personas-retenidas-por-mas-de-24-horas","status":"publish","type":"post","link":"https:\/\/zonaroja.com.mx\/?p=7876","title":{"rendered":"Ingobernabilidad en Ayotzintepec; 19 personas retenidas por m\u00e1s de 24 horas"},"content":{"rendered":"\n<p>Yuridiana Sosa\/Zona Roja.<\/p>\n\n\n\n<p>San Juan Bautista Tuxtepec, Oax., 20 de\nenero de 2020.- Ante la inconformidad ciudadana y falta de negociaci\u00f3n con las\nautoridades estatales, el presidente municipal de Ayotzintepec, V\u00edctor Mendoza\nVelasco, y 18 personas m\u00e1s, permanecen retenidas por la comunidad debido a que\ndesconocen al edil.<\/p>\n\n\n\n<p>Los ciudadanos y dos autoridades\nmunicipales fueron detenidos por la comunidad al medio d\u00eda de este domingo\ncuando el presidente pretend\u00eda regresar a sus funciones, pero a m\u00e1s de 24 horas\nde su encarcelamiento, no existen avances para la liberaci\u00f3n de alguno de\nellos, confirm\u00f3 el Coordinador de Atenci\u00f3n Ciudadana, V\u00edctor Virgen Carrera.<\/p>\n\n\n\n<p>V\u00edctor Mendoza Velasco fue desconocido\npor su poblaci\u00f3n tras agredir con un arma de fuego a un ciudadano en el mes de\noctubre. Luego de la agresi\u00f3n e inconformidad del pueblo, el edil emanado por\nel Partido Unidad Popular abandon\u00f3 sus funciones.<\/p>\n\n\n\n<p>Por la falta de autoridad, el cabildo\ndemand\u00f3 al Gobierno del Estado la acreditaci\u00f3n del suplente del edil para que\ntomara el cargo. Mientras que el presidente interpuso un juicio de protecci\u00f3n\nde sus derechos pol\u00edticos ante el Tribunal Electoral del Estado de Oaxaca.<\/p>\n\n\n\n<p>El TEEO fall\u00f3 a favor de Mendoza\nVelasco, quien regres\u00f3 este domingo con el documento que respalda su cargo, lo\nque provoc\u00f3 el enojo de la poblaci\u00f3n.<\/p>\n\n\n\n<p>Adem\u00e1s, el edil es acusado de\npresuntamente desviar 18 millones de pesos del Fondo III, destinados para\ninfraestructura p\u00fablica.<\/p>\n\n\n\n<p>Las autoridades estatales en la regi\u00f3n\napuntaron que siguen privilegiando el dialogo con la parte inconforme para\nlograr la liberaci\u00f3n de personas, as\u00ed como cada una de las quejas contra el\npresidente deber\u00e1n conducirse a las estancias correspondientes.<\/p>\n","protected":false},"excerpt":{"rendered":"<p>Yuridiana Sosa\/Zona Roja. San Juan Bautista Tuxtepec, Oax., 20 de enero de 2020.- Ante la&hellip;<\/p>\n","protected":false},"author":2,"featured_media":7877,"comment_status":"closed","ping_status":"open","sticky":false,"template":"","format":"standard","meta":{"_lmt_disableupdate":"","_lmt_disable":"","_jetpack_memberships_contains_paid_content":false,"footnotes":""},"categories":[109,47],"tags":[1301],"class_list":["post-7876","post","type-post","status-publish","format-standard","has-post-thumbnail","hentry","category-minuto-a-minuto","category-zona-gris","tag-ayotzintepec"],"jetpack_featured_media_url":"https:\/\/zonaroja.com.mx\/wp-content\/uploads\/2020\/01\/Retenidos-Ayotzintepec.jpg","jetpack_sharing_enabled":true,"_links":{"self":[{"href":"https:\/\/zonaroja.com.mx\/index.php?rest_route=\/wp\/v2\/posts\/7876","targetHints":{"allow":["GET"]}}],"collection":[{"href":"https:\/\/zonaroja.com.mx\/index.php?rest_route=\/wp\/v2\/posts"}],"about":[{"href":"https:\/\/zonaroja.com.mx\/index.php?rest_route=\/wp\/v2\/types\/post"}],"author":[{"embeddable":true,"href":"https:\/\/zonaroja.com.mx\/index.php?rest_route=\/wp\/v2\/users\/2"}],"replies":[{"embeddable":true,"href":"https:\/\/zonaroja.com.mx\/index.php?rest_route=%2Fwp%2Fv2%2Fcomments&post=7876"}],"version-history":[{"count":1,"href":"https:\/\/zonaroja.com.mx\/index.php?rest_route=\/wp\/v2\/posts\/7876\/revisions"}],"predecessor-version":[{"id":7878,"href":"https:\/\/zonaroja.com.mx\/index.php?rest_route=\/wp\/v2\/posts\/7876\/revisions\/7878"}],"wp:featuredmedia":[{"embeddable":true,"href":"https:\/\/zonaroja.com.mx\/index.php?rest_route=\/wp\/v2\/media\/7877"}],"wp:attachment":[{"href":"https:\/\/zonaroja.com.mx\/index.php?rest_route=%2Fwp%2Fv2%2Fmedia&parent=7876"}],"wp:term":[{"taxonomy":"category","embeddable":true,"href":"https:\/\/zonaroja.com.mx\/index.php?rest_route=%2Fwp%2Fv2%2Fcategories&post=7876"},{"taxonomy":"post_tag","embeddable":true,"href":"https:\/\/zonaroja.com.mx\/index.php?rest_route=%2Fwp%2Fv2%2Ftags&post=7876"}],"curies":[{"name":"wp","href":"https:\/\/api.w.org\/{rel}","templated":true}]}}