{"id":78767,"date":"2025-03-26T08:42:41","date_gmt":"2025-03-26T14:42:41","guid":{"rendered":"https:\/\/zonaroja.com.mx\/?p=78767"},"modified":"2025-03-26T08:42:41","modified_gmt":"2025-03-26T14:42:41","slug":"a-200-anos-de-la-scjn-mexico-avanza-en-democracia-viveros-montalvo","status":"publish","type":"post","link":"https:\/\/zonaroja.com.mx\/?p=78767","title":{"rendered":"A 200 a\u00f1os de la SCJN, M\u00e9xico avanza en democracia: Viveros Montalvo"},"content":{"rendered":"\n<p class=\"MsoNormal\">Redacci\u00f3n\/Zona Roja&nbsp;<\/p>\n\n\n\n<p class=\"MsoNormal\">Oaxaca de Ju\u00e1rez, Oax., a 26 de marzo de 2025.-&nbsp;En el marco de la conmemoraci\u00f3n de la instalaci\u00f3n de la Suprema Corte de Justicia de la Naci\u00f3n (SCJN), el presidente de la Junta de Coordinaci\u00f3n Pol\u00edtica (Jucopo) del Congreso del Estado, diputado Benjam\u00edn Viveros Montalvo declar\u00f3 que M\u00e9xico avanza para convertirse en un pa\u00eds m\u00e1s democr\u00e1tico con la elecci\u00f3n popular de sus juzgadoras y juzgadores, derivado de la Reforma Judicial recientemente aprobada.&nbsp;<\/p>\n\n\n\n<p class=\"MsoNormal\">Dijo que, para alcanzar este ideal democr\u00e1tico proyectado por la Presidenta de M\u00e9xico Claudia Sheinbaum Pardo, se requiere de un Poder Judicial que act\u00fae con transparencia, imparcialidad y cercan\u00eda con el pueblo.&nbsp;<\/p>\n\n\n\n<p class=\"MsoNormal\">Lo anterior, coment\u00f3, tomando en cuenta que&nbsp;el 01 de junio&nbsp;de este a\u00f1o las y los ciudadanos decidir\u00e1n dentro de un universo de 881 cargos a nueve ministras o ministros, que ser\u00e1n las personas responsables de garantizar la aplicaci\u00f3n del derecho en aras de la justicia de todas y todos los mexicanos.&nbsp;<\/p>\n\n\n\n<p class=\"MsoNormal\">As\u00ed mismo, el tambi\u00e9n Coordinador del Grupo Parlamentario de Morena expres\u00f3 que esta instituci\u00f3n ha jugado un papel clave en garantizar el equilibrio de poderes y proteger los derechos y libertades del pueblo.&nbsp;<\/p>\n\n\n\n<p class=\"MsoNormal\">Por ello consider\u00f3 que este Bicentenario conlleva inevitablemente a la reflexi\u00f3n sobre la importancia de una justicia imparcial, cercana y accesible para quienes verdaderamente lo necesitan.&nbsp;<\/p>\n\n\n\n<p class=\"MsoNormal\">Reconoci\u00f3 que la SCJN a lo largo de la historia ha garantizado que los principios de legalidad, justicia, equidad y la protecci\u00f3n de los derechos humanos sean respetados y aplicados en el Estado y en el caso de Oaxaca, su influencia est\u00e1 presente en la defensa de la autonom\u00eda de los pueblos ind\u00edgenas y la protecci\u00f3n de las garant\u00edas colectivas.&nbsp;&nbsp;<\/p>\n\n\n\n<p class=\"MsoNormal\">Asimismo, ha inspirado a generaciones de juristas que han llevado su vocaci\u00f3n de justicia a los m\u00e1s altos niveles de la vida nacional.&nbsp;<\/p>\n\n\n\n<p class=\"MsoNormal\">En este sentido, hizo alusi\u00f3n de las y los oaxaque\u00f1os que, con su trayectoria y compromiso han dejado una huella importante en el M\u00e1ximo Tribunal Constitucional del pa\u00eds y en la historia del derecho mexicano, como es el caso de Mar\u00eda Cristina Salmor\u00e1n, Demetrio Sodi Guergu\u00e9, Juan D\u00edaz Romero, Alfonso Ram\u00edrez Ba\u00f1os, Manuel Dubl\u00e1n y Benito Ju\u00e1rez.<\/p>\n","protected":false},"excerpt":{"rendered":"<p>Redacci\u00f3n\/Zona Roja&nbsp; Oaxaca de Ju\u00e1rez, Oax., a 26 de marzo de 2025.-&nbsp;En el marco de&hellip;<\/p>\n","protected":false},"author":2,"featured_media":77025,"comment_status":"closed","ping_status":"open","sticky":false,"template":"","format":"standard","meta":{"_lmt_disableupdate":"","_lmt_disable":"","_jetpack_memberships_contains_paid_content":false,"footnotes":""},"categories":[1],"tags":[],"class_list":["post-78767","post","type-post","status-publish","format-standard","has-post-thumbnail","hentry","category-sin-categoria"],"jetpack_featured_media_url":"https:\/\/zonaroja.com.mx\/wp-content\/uploads\/2025\/01\/Dip.-Benjamin-Viveros_Parlamento2.jpg","jetpack_sharing_enabled":true,"_links":{"self":[{"href":"https:\/\/zonaroja.com.mx\/index.php?rest_route=\/wp\/v2\/posts\/78767","targetHints":{"allow":["GET"]}}],"collection":[{"href":"https:\/\/zonaroja.com.mx\/index.php?rest_route=\/wp\/v2\/posts"}],"about":[{"href":"https:\/\/zonaroja.com.mx\/index.php?rest_route=\/wp\/v2\/types\/post"}],"author":[{"embeddable":true,"href":"https:\/\/zonaroja.com.mx\/index.php?rest_route=\/wp\/v2\/users\/2"}],"replies":[{"embeddable":true,"href":"https:\/\/zonaroja.com.mx\/index.php?rest_route=%2Fwp%2Fv2%2Fcomments&post=78767"}],"version-history":[{"count":1,"href":"https:\/\/zonaroja.com.mx\/index.php?rest_route=\/wp\/v2\/posts\/78767\/revisions"}],"predecessor-version":[{"id":78768,"href":"https:\/\/zonaroja.com.mx\/index.php?rest_route=\/wp\/v2\/posts\/78767\/revisions\/78768"}],"wp:featuredmedia":[{"embeddable":true,"href":"https:\/\/zonaroja.com.mx\/index.php?rest_route=\/wp\/v2\/media\/77025"}],"wp:attachment":[{"href":"https:\/\/zonaroja.com.mx\/index.php?rest_route=%2Fwp%2Fv2%2Fmedia&parent=78767"}],"wp:term":[{"taxonomy":"category","embeddable":true,"href":"https:\/\/zonaroja.com.mx\/index.php?rest_route=%2Fwp%2Fv2%2Fcategories&post=78767"},{"taxonomy":"post_tag","embeddable":true,"href":"https:\/\/zonaroja.com.mx\/index.php?rest_route=%2Fwp%2Fv2%2Ftags&post=78767"}],"curies":[{"name":"wp","href":"https:\/\/api.w.org\/{rel}","templated":true}]}}