{"id":78773,"date":"2025-03-26T13:30:10","date_gmt":"2025-03-26T19:30:10","guid":{"rendered":"https:\/\/zonaroja.com.mx\/?p=78773"},"modified":"2025-03-27T07:26:43","modified_gmt":"2025-03-27T13:26:43","slug":"presentan-en-oaxaca-campana-a-favor-de-la-tolerancia-religiosa","status":"publish","type":"post","link":"https:\/\/zonaroja.com.mx\/?p=78773","title":{"rendered":"Presentan en Oaxaca campa\u00f1a a favor de la tolerancia religiosa"},"content":{"rendered":"\n<p>Redacci\u00f3n\/Zona Roja.&nbsp;<\/p>\n\n\n\n<p>Oaxaca de Ju\u00e1rez, Oax., a 26 de marzo de 2025.- Para fomentar una cultura de respeto y tolerancia hacia las diferentes creencias y pr\u00e1cticas religiosas, el Consejo Interreligioso de Oaxaca (CIO) inici\u00f3 una campa\u00f1a para generar conciencia sobre el derecho a la libertad religiosa ante el incremento constante de hostigamiento y persecuci\u00f3n de quienes profesan una fe distinta a la cat\u00f3lica.\u00a0<\/p>\n\n\n\n<p>Acompa\u00f1ado de la Defensora de los Derechos Humanos del Pueblo de Oaxaca, Elisabeth Lara Rodr\u00edguez y el presidente del CIO, Ricardo S\u00e1nchez, el defensor de derechos humanos por la libertad religiosa, Porfirio Flores, dijo que la campa\u00f1a tiene como eje central recordar a todos que es un derecho humano creer en Dios de acuerdo a la conciencia de cada quien.<\/p>\n\n\n\n<p>\u201cEn Oaxaca cada a\u00f1o se presentan m\u00faltiples casos de intolerancia religiosa que colocan a la entidad en segundo lugar, solo despu\u00e9s de Chiapas, como la regi\u00f3n donde m\u00e1s persecuci\u00f3n se presenta en todo el pa\u00eds por lo que es necesario hacer conciencia entre todos que esta situaci\u00f3n no puede seguir present\u00e1ndose\u201d, dijo.<\/p>\n\n\n\n<p>En conferencia de prensa este martes, manifest\u00f3 que el desplazamiento forzado que resulta de la intolerancia religosa debe atenderse de manera integral.&nbsp;<\/p>\n\n\n\n<p>La campa\u00f1a quiere ser proactiva, anticiparse a esos lamentable sucesos que siempre toman a todos de sorpresa y todas las acciones son reactivas.&nbsp;<\/p>\n\n\n\n<p>Agreg\u00f3 que los pueblos deben saber que los derechos humanos son para todos y las libertades consagradas en la Constituci\u00f3n deben ser respetadas porque forman parte de un acuerdo nacional para vivir en paz entre todos los mexicanos.&nbsp;<\/p>\n\n\n\n<p>En su intervenci\u00f3n, la Defensora de los Derechos Humanos del Pueblo de Oaxaca, Elisabeth Lara Rodr\u00edguez, precis\u00f3 que la campa\u00f1a es una acci\u00f3n necesaria en Oaxaca para que todos recuerden que la libertad religiosa es un Derecho Humano inalienable e indeclinable y por esa raz\u00f3n todos deben respetarlo.<\/p>\n\n\n\n<p>Sostuvo que este tipo de actividades sirven para desalentar la intolerancia religiosa que ubica a Oaxaca en un lugar destacado a nivel nacional con esa clase de problemas.<\/p>\n\n\n\n<p><\/p>\n","protected":false},"excerpt":{"rendered":"<p>Redacci\u00f3n\/Zona Roja.&nbsp; Oaxaca de Ju\u00e1rez, Oax., a 26 de marzo de 2025.- Para fomentar una&hellip;<\/p>\n","protected":false},"author":2,"featured_media":78772,"comment_status":"closed","ping_status":"open","sticky":false,"template":"","format":"standard","meta":{"_lmt_disableupdate":"","_lmt_disable":"","_jetpack_memberships_contains_paid_content":false,"footnotes":""},"categories":[109,46],"tags":[],"class_list":["post-78773","post","type-post","status-publish","format-standard","has-post-thumbnail","hentry","category-minuto-a-minuto","category-zona-blanca"],"jetpack_featured_media_url":"https:\/\/zonaroja.com.mx\/wp-content\/uploads\/2025\/03\/6034499c-a76b-43b6-bee0-4ef18c410dc4-1.jpg","jetpack_sharing_enabled":true,"_links":{"self":[{"href":"https:\/\/zonaroja.com.mx\/index.php?rest_route=\/wp\/v2\/posts\/78773","targetHints":{"allow":["GET"]}}],"collection":[{"href":"https:\/\/zonaroja.com.mx\/index.php?rest_route=\/wp\/v2\/posts"}],"about":[{"href":"https:\/\/zonaroja.com.mx\/index.php?rest_route=\/wp\/v2\/types\/post"}],"author":[{"embeddable":true,"href":"https:\/\/zonaroja.com.mx\/index.php?rest_route=\/wp\/v2\/users\/2"}],"replies":[{"embeddable":true,"href":"https:\/\/zonaroja.com.mx\/index.php?rest_route=%2Fwp%2Fv2%2Fcomments&post=78773"}],"version-history":[{"count":2,"href":"https:\/\/zonaroja.com.mx\/index.php?rest_route=\/wp\/v2\/posts\/78773\/revisions"}],"predecessor-version":[{"id":78800,"href":"https:\/\/zonaroja.com.mx\/index.php?rest_route=\/wp\/v2\/posts\/78773\/revisions\/78800"}],"wp:featuredmedia":[{"embeddable":true,"href":"https:\/\/zonaroja.com.mx\/index.php?rest_route=\/wp\/v2\/media\/78772"}],"wp:attachment":[{"href":"https:\/\/zonaroja.com.mx\/index.php?rest_route=%2Fwp%2Fv2%2Fmedia&parent=78773"}],"wp:term":[{"taxonomy":"category","embeddable":true,"href":"https:\/\/zonaroja.com.mx\/index.php?rest_route=%2Fwp%2Fv2%2Fcategories&post=78773"},{"taxonomy":"post_tag","embeddable":true,"href":"https:\/\/zonaroja.com.mx\/index.php?rest_route=%2Fwp%2Fv2%2Ftags&post=78773"}],"curies":[{"name":"wp","href":"https:\/\/api.w.org\/{rel}","templated":true}]}}