{"id":78775,"date":"2025-03-26T13:51:00","date_gmt":"2025-03-26T19:51:00","guid":{"rendered":"https:\/\/zonaroja.com.mx\/?p=78775"},"modified":"2025-03-26T14:52:37","modified_gmt":"2025-03-26T20:52:37","slug":"primero-contra-la-constitucion-ahora-contra-el-escudo","status":"publish","type":"post","link":"https:\/\/zonaroja.com.mx\/?p=78775","title":{"rendered":"Primero contra la Constituci\u00f3n; ahora\u00a0contra\u00a0el escudo"},"content":{"rendered":"\n<p>N\u00e9stor Y. S\u00e1nchez Islas<\/p>\n\n\n\n<p>En 1999 un par de j\u00f3venes hasta el momento desconocidos e irrelevantes entran armados a su escuela. Colocan&nbsp;dos&nbsp;de bombas en la cafeter\u00eda y se van al patio para esperar la explosi\u00f3n que matar\u00eda, seg\u00fan ellos, a por lo menos 400 de sus compa\u00f1eros. Las bombas no estallan, entonces, desenfundan sus armas y atacan a balazos sus amigos. Matan a 12 y a un profesor; finalmente ambos asesinos se suicidan. Con 15 muertos, la matanza de Columbine en Estados Unidos es una muestra extrema de c\u00f3mo la necesidad de sobresalir a cualquier precio puede llevar a la gente a cometer todo tipo de actos, inclusive criminales.<\/p>\n\n\n\n<p>La necesidad de sobresalir en una sociedad tan mediatizada como la que vivimos tiene una definici\u00f3n y una explicaci\u00f3n desde la psicolog\u00eda hasta la sociolog\u00eda. Puede provocar que personas mediocres que se sienten frustradas por no ser lo suficientemente reconocidos cometan actos que van desde transgredir normas morales, emitir comentarios con el \u00fanico fin de buscar confrontaci\u00f3n y hasta destruir pa\u00edses completos en su b\u00fasqueda de fama.<\/p>\n\n\n\n<p>En 1967, la d\u00e9cada dorada de los fil\u00f3sofos franceses, Guy&nbsp;Debord&nbsp;present\u00f3 su libro \u201cLa sociedad del espect\u00e1culo\u201d. En \u00e9l, analiza y nos explica como en las sociedades modernas la imagen y la representaci\u00f3n han&nbsp;sustituido la&nbsp;experiencia directa de la realidad, convirtiendo nuestra vida social en un espect\u00e1culo donde lo m\u00e1s importante es la apariencia y la&nbsp;visibilidad.&nbsp;Esta necesidad de reconocimiento ante la carencia de personalidad y m\u00e9ritos propios provoca, en la clase pol\u00edtica oaxaque\u00f1a, la b\u00fasqueda de sobresalir destruyendo los valores, costumbres y tradiciones que nos otorgan identidad para proponer cambios que no son m\u00e1s que intentos de control y manipulaci\u00f3n social.<\/p>\n\n\n\n<p>La falta de liderazgo personal los conduce a copiar modelos de conducta&nbsp;ajena. En su caso, copiando la lun\u00e1tica del mes\u00edas tropical que los inspira. Aquel destruy\u00f3 las instituciones del pa\u00eds, modific\u00f3 la Constituci\u00f3n a su imagen torva y perversa,&nbsp;nos dej\u00f3 una deuda enorme,&nbsp;una econom\u00eda tan d\u00e9bil que Trump nos tiene de rodillas&nbsp;y nos entreg\u00f3 al crimen organizado que hasta campos de exterminio&nbsp;levant\u00f3 a lo largo y ancho del pa\u00eds.&nbsp;En Oaxaca se argumenta&nbsp;desde el poder&nbsp;contra la Constituci\u00f3n&nbsp;local&nbsp;y el escudo estatal que son centralistas, excluyentes y antidemocr\u00e1ticos y por eso hay que desaparecerlos. La falta de trascendencia la sustituyen con&nbsp;controversia, provocaci\u00f3n y esc\u00e1ndalo.<\/p>\n\n\n\n<p>Difundi\u00f3 el Congreso estatal el bolet\u00edn:&nbsp;\u201cpresidente&nbsp;de la&nbsp;JUCOPO&nbsp;plantea la creaci\u00f3n de un nuevo Escudo Oficial de Oaxaca basado en la justicia, equidad y el reconocimiento pleno a su diversidad pluricultural\u201d.&nbsp;Su intenci\u00f3n es derogar el decreto de 1950&nbsp;que reconoci\u00f3&nbsp;como escudo oficial la obra del ahora olvidado pintor&nbsp;y profesor oaxaque\u00f1o Alfredo Canseco&nbsp;Feraud&nbsp;porque, seg\u00fan&nbsp;el se\u00f1or Benjam\u00edn Viveros Montalvo, no est\u00e1 a la altura de la grandeza de Oaxaca, es antidemocr\u00e1tico y centralista, y \u201cya no representa de manera integral la identidad de las y los oaxaque\u00f1os, tampoco refleja el Oaxaca del siglo XXI, ya que somos una sociedad diversa que se construye d\u00eda con d\u00eda, con una nueva y renovada identidad basada en la inclusi\u00f3n, justicia y reconocimiento mutuo\u201d.&nbsp;Es de suponer que el se\u00f1or Viveros si sabe lo que refleja al Oaxaca del siglo XXI, que identidad tenemos y debemos tener y que debemos renovarnos al son de la mal llamada&nbsp;4T en su versi\u00f3n segundo piso.&nbsp;Me pregunto&nbsp;c\u00f3mo&nbsp;su propuesta de&nbsp;transgresi\u00f3n&nbsp;va a generar un cambio real, que respaldo ideol\u00f3gica la soporta&nbsp;o&nbsp;cu\u00e1l&nbsp;es su coherencia&nbsp;y continuidad en el tiempo.<\/p>\n\n\n\n<p>La falta de trascendencia de quienes hoy est\u00e1n en el poder,&nbsp;que solo fueron peones de quienes los manipularon para realizar toda clase de bloqueos, plantones y destrucci\u00f3n&nbsp;en la lucha por el poder,&nbsp;los hace creer que, en verdad, son h\u00e9roes a la altura de la historia del pa\u00eds.&nbsp;Se siente iguales a&nbsp;personajes de nuestro pasado que con sus obras e intelecto transformaron al pa\u00eds y construyeron instituciones en lugar de liderazgos mesi\u00e1nicos. La realidad nos dice que se trata de personajes necesitados de atenci\u00f3n&nbsp;y reconocimiento. No la tienen por sus m\u00e9ritos, as\u00ed que la buscan&nbsp;\u201ctransformando\u201d, es decir, destruyendo lo que otros construyeron.<\/p>\n\n\n\n<p>La intrascendencia puede llevar a la transgresi\u00f3n, pero el verdadero cambio solo ocurre cuando hay una intenci\u00f3n y un pensamiento cr\u00edtico detr\u00e1s de la acci\u00f3n. De lo contrario, solo se trata de llamar la atenci\u00f3n en un mundo saturado de ruido medi\u00e1tico.&nbsp;Hay que recordar&nbsp;a&nbsp;los pol\u00edticos que hoy reciben halagos que, en cuanto dejen el poder, todos los olvidar\u00e1n. \u00bfAlguien tiene en mente el legado que nos dej\u00f3 Gabino Cu\u00e9, por ejemplo? Ese ser\u00e1 su destino.<\/p>\n\n\n\n<p>As\u00ed como este r\u00e9gimen ha banalizado el crimen&nbsp;hasta permitir campos de exterminio,&nbsp;as\u00ed&nbsp;se banaliza&nbsp;la transgresi\u00f3n en la b\u00fasqueda de ef\u00edmera popularidad.<\/p>\n\n\n\n<p>nestoryuri@yahoo.com<\/p>\n","protected":false},"excerpt":{"rendered":"<p>N\u00e9stor Y. S\u00e1nchez Islas En 1999 un par de j\u00f3venes hasta el momento desconocidos e&hellip;<\/p>\n","protected":false},"author":2,"featured_media":67897,"comment_status":"closed","ping_status":"open","sticky":false,"template":"","format":"standard","meta":{"_lmt_disableupdate":"","_lmt_disable":"","_jetpack_memberships_contains_paid_content":false,"footnotes":""},"categories":[456,109],"tags":[],"class_list":["post-78775","post","type-post","status-publish","format-standard","has-post-thumbnail","hentry","category-columna","category-minuto-a-minuto"],"jetpack_featured_media_url":"https:\/\/zonaroja.com.mx\/wp-content\/uploads\/2024\/05\/Opinion-Nestor-Yuri-Sanchez.jpeg","jetpack_sharing_enabled":true,"_links":{"self":[{"href":"https:\/\/zonaroja.com.mx\/index.php?rest_route=\/wp\/v2\/posts\/78775","targetHints":{"allow":["GET"]}}],"collection":[{"href":"https:\/\/zonaroja.com.mx\/index.php?rest_route=\/wp\/v2\/posts"}],"about":[{"href":"https:\/\/zonaroja.com.mx\/index.php?rest_route=\/wp\/v2\/types\/post"}],"author":[{"embeddable":true,"href":"https:\/\/zonaroja.com.mx\/index.php?rest_route=\/wp\/v2\/users\/2"}],"replies":[{"embeddable":true,"href":"https:\/\/zonaroja.com.mx\/index.php?rest_route=%2Fwp%2Fv2%2Fcomments&post=78775"}],"version-history":[{"count":1,"href":"https:\/\/zonaroja.com.mx\/index.php?rest_route=\/wp\/v2\/posts\/78775\/revisions"}],"predecessor-version":[{"id":78776,"href":"https:\/\/zonaroja.com.mx\/index.php?rest_route=\/wp\/v2\/posts\/78775\/revisions\/78776"}],"wp:featuredmedia":[{"embeddable":true,"href":"https:\/\/zonaroja.com.mx\/index.php?rest_route=\/wp\/v2\/media\/67897"}],"wp:attachment":[{"href":"https:\/\/zonaroja.com.mx\/index.php?rest_route=%2Fwp%2Fv2%2Fmedia&parent=78775"}],"wp:term":[{"taxonomy":"category","embeddable":true,"href":"https:\/\/zonaroja.com.mx\/index.php?rest_route=%2Fwp%2Fv2%2Fcategories&post=78775"},{"taxonomy":"post_tag","embeddable":true,"href":"https:\/\/zonaroja.com.mx\/index.php?rest_route=%2Fwp%2Fv2%2Ftags&post=78775"}],"curies":[{"name":"wp","href":"https:\/\/api.w.org\/{rel}","templated":true}]}}