{"id":78777,"date":"2025-03-26T15:08:18","date_gmt":"2025-03-26T21:08:18","guid":{"rendered":"https:\/\/zonaroja.com.mx\/?p=78777"},"modified":"2025-03-26T15:08:20","modified_gmt":"2025-03-26T21:08:20","slug":"a-cuatro-anos-de-la-desaparicion-de-claudia-uruchurtu-sigue-exigencia-de-justicia","status":"publish","type":"post","link":"https:\/\/zonaroja.com.mx\/?p=78777","title":{"rendered":"A cuatro a\u00f1os de la desaparici\u00f3n de Claudia Uruchurtu, sigue exigencia de justicia"},"content":{"rendered":"\n<p>Redacci\u00f3n\/Estado 20.<\/p>\n\n\n\n<p>Oaxaca de Ju\u00e1rez, Oax., a 26 de marzo de 2025.- La desaparici\u00f3n forzada de la activista Claudia Uruchurtu, en la que participaron funcionarios p\u00fablicos del municipio de Asunci\u00f3n Nochixtl\u00e1n gobernado en ese entonces por la alcaldesa, Lizbeth Victoria Huerta cumpli\u00f3 hoy cuatro a\u00f1os sin que hasta el momento se haya dado con su paradero.<\/p>\n\n\n\n<p>En un comunicado, fechado en Londres Inglaterra, las hermanas de la v\u00edctima, Sandra y Elizabeth Uruchurtu, lamentaron la impunidad que existe en el caso, pues aseguraron que hasta el momento no hay castigo para los responsables.<\/p>\n\n\n\n<p>Agregaron que la desaparici\u00f3n de su hermana y el paso de los a\u00f1os, les han quitado la tranquilidad, pero la fe las mantiene en pie para seguir exigiendo su b\u00fasqueda, as\u00ed como justicia, verdad y reparaci\u00f3n integral.<\/p>\n\n\n\n<p>\u201cCon tristeza e impotencia, vemos c\u00f3mo transcurren los a\u00f1os sin que nuestra hermana Claudia Uruchurtu Cruz regrese a casa\u201d.<\/p>\n\n\n\n<p>Recordaron que la noche del 26 de marzo del a\u00f1o 2021, por \u00f3rdenes de la entonces presidenta municipal de Asunci\u00f3n Nochixtl\u00e1n, Lizbeth Victoria Huerta, Claudia Uruchurtu fue desaparecida.<\/p>\n\n\n\n<p>En la comisi\u00f3n de este delito de lesa humanidad participaron servidores p\u00fablicos municipales, quienes, utilizando veh\u00edculos oficiales, cometieron este hecho deleznable.<\/p>\n\n\n\n<p>\u201cTodo fue planeado y ejecutado, cuidando detalles que hacen que a la fecha nuestra hermana no pueda ser localizada\u201d, denunciaron sus hermanas a trav\u00e9s de una carta p\u00fablica.<\/p>\n\n\n\n<p>Expresaron que las desapariciones forzadas que se cometen en M\u00e9xico cuentan con la aquiescencia y permisibilidad de las instituciones de procuraci\u00f3n y administraci\u00f3n de justicia, y de ello \u201cnos hemos dado cuenta por el caso de nuestra hermana y por lo que est\u00e1 pasando no s\u00f3lo en Oaxaca, sino tambi\u00e9n en Teuchitl\u00e1n, Jalisco, en fechas recientes\u201d.<\/p>\n\n\n\n<p>La falta de capacidad para realizar las investigaciones, la falta de peritos y profesionales t\u00e9cnicos, la falta de perspectiva de derechos humanos en los operadores del sistema de justicia, \u201csin duda son parte de la impunidad que permean estos casos\u201d, se\u00f1alaron.<\/p>\n\n\n\n<p>\u201cPor si lo anterior no fuera suficiente, la impunidad y control con el que act\u00faan los gobiernos estatal y federal, y la falta de independencia entre poderes generan las condiciones para que este tipo de hechos permanezcan y se reproduzcan para callar las voces de quienes como nuestra hermana buscaban y exig\u00edan justicia\u201d.<\/p>\n\n\n\n<p>A 4 a\u00f1os de la desaparici\u00f3n forzada de Claudia Uruchurtu, reiteraron que continuar\u00e1n exigiendo su b\u00fasqueda, as\u00ed como justicia, verdad y reparaci\u00f3n, \u201clevantando la voz para no normalizar y olvidar estos hechos como algo sin importancia\u201d, y que no descansar\u00e1n hasta encontrar a Claudia.<\/p>\n","protected":false},"excerpt":{"rendered":"<p>Redacci\u00f3n\/Estado 20. Oaxaca de Ju\u00e1rez, Oax., a 26 de marzo de 2025.- La desaparici\u00f3n forzada&hellip;<\/p>\n","protected":false},"author":2,"featured_media":78778,"comment_status":"closed","ping_status":"open","sticky":false,"template":"","format":"standard","meta":{"_lmt_disableupdate":"","_lmt_disable":"","_jetpack_memberships_contains_paid_content":false,"footnotes":""},"categories":[109,47],"tags":[2582],"class_list":["post-78777","post","type-post","status-publish","format-standard","has-post-thumbnail","hentry","category-minuto-a-minuto","category-zona-gris","tag-claudia-uruchurtu-cruz"],"jetpack_featured_media_url":"https:\/\/zonaroja.com.mx\/wp-content\/uploads\/2025\/03\/Claudia-Uruchurtu.jpg","jetpack_sharing_enabled":true,"_links":{"self":[{"href":"https:\/\/zonaroja.com.mx\/index.php?rest_route=\/wp\/v2\/posts\/78777","targetHints":{"allow":["GET"]}}],"collection":[{"href":"https:\/\/zonaroja.com.mx\/index.php?rest_route=\/wp\/v2\/posts"}],"about":[{"href":"https:\/\/zonaroja.com.mx\/index.php?rest_route=\/wp\/v2\/types\/post"}],"author":[{"embeddable":true,"href":"https:\/\/zonaroja.com.mx\/index.php?rest_route=\/wp\/v2\/users\/2"}],"replies":[{"embeddable":true,"href":"https:\/\/zonaroja.com.mx\/index.php?rest_route=%2Fwp%2Fv2%2Fcomments&post=78777"}],"version-history":[{"count":1,"href":"https:\/\/zonaroja.com.mx\/index.php?rest_route=\/wp\/v2\/posts\/78777\/revisions"}],"predecessor-version":[{"id":78779,"href":"https:\/\/zonaroja.com.mx\/index.php?rest_route=\/wp\/v2\/posts\/78777\/revisions\/78779"}],"wp:featuredmedia":[{"embeddable":true,"href":"https:\/\/zonaroja.com.mx\/index.php?rest_route=\/wp\/v2\/media\/78778"}],"wp:attachment":[{"href":"https:\/\/zonaroja.com.mx\/index.php?rest_route=%2Fwp%2Fv2%2Fmedia&parent=78777"}],"wp:term":[{"taxonomy":"category","embeddable":true,"href":"https:\/\/zonaroja.com.mx\/index.php?rest_route=%2Fwp%2Fv2%2Fcategories&post=78777"},{"taxonomy":"post_tag","embeddable":true,"href":"https:\/\/zonaroja.com.mx\/index.php?rest_route=%2Fwp%2Fv2%2Ftags&post=78777"}],"curies":[{"name":"wp","href":"https:\/\/api.w.org\/{rel}","templated":true}]}}