{"id":78789,"date":"2025-03-26T21:25:52","date_gmt":"2025-03-27T03:25:52","guid":{"rendered":"https:\/\/zonaroja.com.mx\/?p=78789"},"modified":"2025-03-26T21:25:54","modified_gmt":"2025-03-27T03:25:54","slug":"asesinan-a-un-individuo-en-miahuatlan-y-a-otro-en-ocotlan","status":"publish","type":"post","link":"https:\/\/zonaroja.com.mx\/?p=78789","title":{"rendered":"Asesinan a un individuo en Miahuatl\u00e1n y a otro en Ocotl\u00e1n"},"content":{"rendered":"\n<p>Ismael Garc\u00eda M.\/Zona Roja.<\/p>\n\n\n\n<p>Oaxaca de Ju\u00e1rez, Oax., a 26 de marzo de 2025.- Dos personas del sexo masculino fueron asesinadas a balazos este mi\u00e9rcoles en Oaxaca.<\/p>\n\n\n\n<p>El m\u00e1s reciente caso ocurri\u00f3 en la calle Benito Ju\u00e1rez del centro de Ocotl\u00e1n de Morelos, municipio de la regi\u00f3n Valles Centrales, donde ultimaron a un individuo.<\/p>\n\n\n\n<p>La v\u00edctima fue identificada de manera preliminar como C\u00e9sar Augusto \u201cN\u201d, quien presuntamente ten\u00eda antecedentes delictivos.<\/p>\n\n\n\n<p>Apenas hace dos semanas, en pleno centro de Ocotl\u00e1n un grupo armado secuestr\u00f3 a una persona del sexo masculino, frente a la mirada de decena de testigos as\u00ed como de polic\u00edas, que no impidieron la acci\u00f3n; al d\u00eda siguiente fue hallado con vida el hombre con huellas de tortura y un \u201cnarcomensaje\u201d.<\/p>\n\n\n\n<p>Por otra parte, la ma\u00f1ana de hoy en Miahuatl\u00e1n de Porfirio D\u00edaz, regi\u00f3n de la Sierra Sur, privaron de la vida a un sujeto, cuando transitaba en la vialidad que conduce al Sitio de Xitlapehua.<\/p>\n\n\n\n<p>De manera preliminar fue identificado como Guadalupe G., quien presenta impactos de bala en el rostro y en el resto del cuerpo.<\/p>\n\n\n\n<p>Por otra parte, en Miahuatl\u00e1n ayer fuer asesinada otra persona, cuyo cuerpo fue localizado en la calle 5 de Febrero, debajo de un puente.&nbsp;<\/p>\n\n\n\n<p>La v\u00edctima a\u00fan no ha sido identificada y su cuerpo presentaba huellas de violencia.<\/p>\n","protected":false},"excerpt":{"rendered":"<p>Ismael Garc\u00eda M.\/Zona Roja. Oaxaca de Ju\u00e1rez, Oax., a 26 de marzo de 2025.- Dos&hellip;<\/p>\n","protected":false},"author":2,"featured_media":78790,"comment_status":"closed","ping_status":"open","sticky":false,"template":"","format":"standard","meta":{"_lmt_disableupdate":"","_lmt_disable":"","_jetpack_memberships_contains_paid_content":false,"footnotes":""},"categories":[109,51],"tags":[169,835],"class_list":["post-78789","post","type-post","status-publish","format-standard","has-post-thumbnail","hentry","category-minuto-a-minuto","category-zona-roja","tag-miahuatlan-de-porfirio-diaz","tag-ocotlan-de-morelos"],"jetpack_featured_media_url":"https:\/\/zonaroja.com.mx\/wp-content\/uploads\/2025\/03\/Asesinado-en-Ocotlan.jpeg","jetpack_sharing_enabled":true,"_links":{"self":[{"href":"https:\/\/zonaroja.com.mx\/index.php?rest_route=\/wp\/v2\/posts\/78789","targetHints":{"allow":["GET"]}}],"collection":[{"href":"https:\/\/zonaroja.com.mx\/index.php?rest_route=\/wp\/v2\/posts"}],"about":[{"href":"https:\/\/zonaroja.com.mx\/index.php?rest_route=\/wp\/v2\/types\/post"}],"author":[{"embeddable":true,"href":"https:\/\/zonaroja.com.mx\/index.php?rest_route=\/wp\/v2\/users\/2"}],"replies":[{"embeddable":true,"href":"https:\/\/zonaroja.com.mx\/index.php?rest_route=%2Fwp%2Fv2%2Fcomments&post=78789"}],"version-history":[{"count":1,"href":"https:\/\/zonaroja.com.mx\/index.php?rest_route=\/wp\/v2\/posts\/78789\/revisions"}],"predecessor-version":[{"id":78791,"href":"https:\/\/zonaroja.com.mx\/index.php?rest_route=\/wp\/v2\/posts\/78789\/revisions\/78791"}],"wp:featuredmedia":[{"embeddable":true,"href":"https:\/\/zonaroja.com.mx\/index.php?rest_route=\/wp\/v2\/media\/78790"}],"wp:attachment":[{"href":"https:\/\/zonaroja.com.mx\/index.php?rest_route=%2Fwp%2Fv2%2Fmedia&parent=78789"}],"wp:term":[{"taxonomy":"category","embeddable":true,"href":"https:\/\/zonaroja.com.mx\/index.php?rest_route=%2Fwp%2Fv2%2Fcategories&post=78789"},{"taxonomy":"post_tag","embeddable":true,"href":"https:\/\/zonaroja.com.mx\/index.php?rest_route=%2Fwp%2Fv2%2Ftags&post=78789"}],"curies":[{"name":"wp","href":"https:\/\/api.w.org\/{rel}","templated":true}]}}