{"id":7879,"date":"2020-01-20T22:01:55","date_gmt":"2020-01-21T04:01:55","guid":{"rendered":"http:\/\/www.zonaroja.com.mx\/?p=7879"},"modified":"2020-01-20T22:01:58","modified_gmt":"2020-01-21T04:01:58","slug":"denuncian-violencia-en-yaitepec-4-menores-de-edad-se-quedan-huerfanos-y-sin-hogar","status":"publish","type":"post","link":"https:\/\/zonaroja.com.mx\/?p=7879","title":{"rendered":"Denuncian violencia en Yaitepec, 4 menores de edad se quedan hu\u00e9rfanos y sin hogar"},"content":{"rendered":"\n<p>Evlin Arag\u00f3n\/Zona Roja.<\/p>\n\n\n\n<p>Oaxaca de Ju\u00e1rez, Oax., Catarino, Edgar\ny Yessenia, tres menores de edad, son las m\u00e1s recientes v\u00edctimas indirectas de\nla violencia en Santiago Yaitepec, la cual se ha incrementado en los \u00faltimos\nmeses con la intervenci\u00f3n de la propia autoridad municipal representada por\nRoberto Salinas Santiago, quien incluso encabeza grupos armados en la zona. <\/p>\n\n\n\n<p>Los menores perdieron a su madre y\npadre en dos ataques armados diferentes, el \u00faltimo el pasado 8 de enero de este\na\u00f1o, raz\u00f3n que los oblig\u00f3 a salir de la localidad y pedir ayuda ante la\nDefensor\u00eda de los Derechos Humanos del Pueblo de Oaxaca (DDHPO), donde este\nlunes hicieron p\u00fablica la situaci\u00f3n.<\/p>\n\n\n\n<p>\u201c\u00a1Justicia para mi madre asesinada!\u201d y \u201c\u00a1Nos\nquedamos sin nada!\u201d, son parte de las consignas que las y los menores de edad\nportaban este lunes en la conferencia de prensa que encabez\u00f3 su t\u00edo Roberto\nPeralta Santiago, quien denunci\u00f3 la problem\u00e1tica que se vive actualmente en la\nzona.<\/p>\n\n\n\n<p>\u201cEl presidente municipal nos anda\nhaciendo mucho da\u00f1o, ahorita el pueblo est\u00e1 viviendo violencia muy fuerte, la\npoblaci\u00f3n no tiempo acceso para salir est\u00e1 secuestrada pr\u00e1cticamente por\n\u00f3rdenes del presidente municipal\u201d, refiri\u00f3 el denunciante.<\/p>\n\n\n\n<p>Explic\u00f3 que desde hace meses su familia ha sido perseguida por las autoridades municipales debido a su evidente oposici\u00f3n con el actuar de quienes representan a la localidad, quienes a base de enga\u00f1os manipulan a la poblaci\u00f3n y la obligan a actuar de forma violenta en contra de sus vecinos.<\/p>\n\n\n\n<figure class=\"wp-block-embed-twitter wp-block-embed is-type-rich is-provider-twitter\"><div class=\"wp-block-embed__wrapper\">\n<div class=\"twitter-tweet\"><blockquote class=\"twitter-tweet\" data-lang=\"es\"><p lang=\"es\" dir=\"ltr\"><a href=\"https:\/\/twitter.com\/hashtag\/OaxacaRojo?src=hash&amp;ref_src=twsrc%5Etfw\">#OaxacaRojo<\/a><a href=\"https:\/\/twitter.com\/hashtag\/ProcuramosInjusticiaParaTi?src=hash&amp;ref_src=twsrc%5Etfw\">#ProcuramosInjusticiaParaTi<\/a><br>Madre de tres ni\u00f1os fue asesinada el 20 de noviembre y este 8 de enero mataron al padre, en Yaitepec; hay tres hu\u00e9rfanos, mientras que a otro ni\u00f1o le quemaron su casa. Justicia, reclaman a <a href=\"https:\/\/twitter.com\/FISCALIA_GobOax?ref_src=twsrc%5Etfw\">@FISCALIA_GobOax<\/a>. <a href=\"https:\/\/t.co\/QmjvaBwFcR\">pic.twitter.com\/QmjvaBwFcR<\/a><\/p>&mdash; Zona Roja Oaxaca (@MexRoja) <a href=\"https:\/\/twitter.com\/MexRoja\/status\/1219467858788470786?ref_src=twsrc%5Etfw\">21 de enero de 2020<\/a><\/blockquote><\/div>\n<\/div><\/figure>\n\n\n\n<p>Lo anterior ocasion\u00f3 que el 20 de\nnoviembre pasado asesinaran a Alicia Salinas Carmona, madre de los menores y el\n8 de enero mataran a Fernando Peralta Santiago, padre de estos, adem\u00e1s que\nquemaron sus viviendas, raz\u00f3n que les oblig\u00f3 a salir de la poblaci\u00f3n para\nbuscar ayuda de parte de la DDHPO.<\/p>\n\n\n\n<p>Peralta Santiago denunci\u00f3 que desde febrero\ndel a\u00f1o pasado -cuando se reaviv\u00f3 el conflicto con Santa Catarina Juquila- han\nintentado asesinarlo debido a su oposici\u00f3n a la actual administraci\u00f3n,\nasegurando que el edil forma parte de los grupos armados y participa en los\nactos violentos que se registran en la zona y obliga a pobladores a ser de\nparte de los hechos.<\/p>\n\n\n\n<p>\u201cLo \u00fanico que quieren es matarme y no\nse porque, yo no debo nada ni he hecho nada a ellos, yo lo que quiero es\njusticia para mis sobrinos y mi familia, no pedimos nada m\u00e1s al gobierno, que\nse encarcele a todas las personas armadas en la poblaci\u00f3n incluyendo al edil\u201d,\ndijo. <\/p>\n\n\n\n<p>Finalmente, detall\u00f3 que son m\u00e1s de 200\npersonas armadas al interior de la localidad, las cuales act\u00faan bajo las\n\u00f3rdenes de la autoridad municipal, sin importar que sea en contra de los mismos\nhabitantes de Santiago Yaitepec, que viven en medio de la violencia generada\npor sus mismos paisanos y sus vecinos de Juquila.<\/p>\n","protected":false},"excerpt":{"rendered":"<p>Evlin Arag\u00f3n\/Zona Roja. Oaxaca de Ju\u00e1rez, Oax., Catarino, Edgar y Yessenia, tres menores de edad,&hellip;<\/p>\n","protected":false},"author":2,"featured_media":7880,"comment_status":"closed","ping_status":"open","sticky":false,"template":"","format":"standard","meta":{"_lmt_disableupdate":"","_lmt_disable":"","_jetpack_memberships_contains_paid_content":false,"footnotes":""},"categories":[109],"tags":[546],"class_list":["post-7879","post","type-post","status-publish","format-standard","has-post-thumbnail","hentry","category-minuto-a-minuto","tag-santiago-yaitepec"],"jetpack_featured_media_url":"https:\/\/zonaroja.com.mx\/wp-content\/uploads\/2020\/01\/Desplazados-Yaitepec.jpg","jetpack_sharing_enabled":true,"_links":{"self":[{"href":"https:\/\/zonaroja.com.mx\/index.php?rest_route=\/wp\/v2\/posts\/7879","targetHints":{"allow":["GET"]}}],"collection":[{"href":"https:\/\/zonaroja.com.mx\/index.php?rest_route=\/wp\/v2\/posts"}],"about":[{"href":"https:\/\/zonaroja.com.mx\/index.php?rest_route=\/wp\/v2\/types\/post"}],"author":[{"embeddable":true,"href":"https:\/\/zonaroja.com.mx\/index.php?rest_route=\/wp\/v2\/users\/2"}],"replies":[{"embeddable":true,"href":"https:\/\/zonaroja.com.mx\/index.php?rest_route=%2Fwp%2Fv2%2Fcomments&post=7879"}],"version-history":[{"count":1,"href":"https:\/\/zonaroja.com.mx\/index.php?rest_route=\/wp\/v2\/posts\/7879\/revisions"}],"predecessor-version":[{"id":7881,"href":"https:\/\/zonaroja.com.mx\/index.php?rest_route=\/wp\/v2\/posts\/7879\/revisions\/7881"}],"wp:featuredmedia":[{"embeddable":true,"href":"https:\/\/zonaroja.com.mx\/index.php?rest_route=\/wp\/v2\/media\/7880"}],"wp:attachment":[{"href":"https:\/\/zonaroja.com.mx\/index.php?rest_route=%2Fwp%2Fv2%2Fmedia&parent=7879"}],"wp:term":[{"taxonomy":"category","embeddable":true,"href":"https:\/\/zonaroja.com.mx\/index.php?rest_route=%2Fwp%2Fv2%2Fcategories&post=7879"},{"taxonomy":"post_tag","embeddable":true,"href":"https:\/\/zonaroja.com.mx\/index.php?rest_route=%2Fwp%2Fv2%2Ftags&post=7879"}],"curies":[{"name":"wp","href":"https:\/\/api.w.org\/{rel}","templated":true}]}}