{"id":78792,"date":"2025-03-26T21:47:49","date_gmt":"2025-03-27T03:47:49","guid":{"rendered":"https:\/\/zonaroja.com.mx\/?p=78792"},"modified":"2025-03-26T21:47:51","modified_gmt":"2025-03-27T03:47:51","slug":"desalojan-de-manera-violenta-a-oaxaquena-victima-de-acoso-en-el-montepio","status":"publish","type":"post","link":"https:\/\/zonaroja.com.mx\/?p=78792","title":{"rendered":"Desalojan de manera violenta a oaxaque\u00f1a v\u00edctima de acoso en el Montep\u00edo"},"content":{"rendered":"\n<p>Redacci\u00f3n\/Estado 20.<\/p>\n\n\n\n<p>Oaxaca de Ju\u00e1rez, Oax., a 26 de marzo de 2025.- Magda Liliana Altamirano Calder\u00f3n, ex gerente del Monte de Piedad en la ciudad de Oaxaca, junto con otras mujeres oaxaque\u00f1as, denunci\u00f3 que fue desalojada por la fuerza de una protesta que manten\u00eda frente a Palacio Nacional en la Ciudad de M\u00e9xico.<\/p>\n\n\n\n<p>El desalojo ocurri\u00f3 la noche de ayer, y seg\u00fan el testimonio videograbado, alrededor de 70 hombres, entre polic\u00edas y hombres vestidos de civil, irrumpieron en su campamento, destruyeron sus cosas y otras m\u00e1s fueron robadas.<\/p>\n\n\n\n<p>\u201cEstas personas nos sacaron con violencia, ah\u00ed van, ah\u00ed, todos ellos nos sacaron con violencia, m\u00edrenlos ah\u00ed van corriendo, muy asustadas. Auxilio, nos robaron, estamos muy asustadas\u2026 As\u00ed terminaron nuestras cosas, las est\u00e1n destruyendo\u201d, relat\u00f3.<\/p>\n\n\n\n<p>Mientras otra de las mujeres desalojadas manifest\u00f3 que fueron sacadas por la fuerza s\u00f3lo por exigir nuestros derechos.<\/p>\n\n\n\n<p>Magda Lilia Altamirano denunci\u00f3 presuntos actos de corrupci\u00f3n y delitos de hostigamiento sexual, intimidaci\u00f3n, coalici\u00f3n de servidores p\u00fablicos y cohecho, perpetrados por funcionarios del Monte de Piedad de Oaxaca.<\/p>\n\n\n\n<p>En espec\u00edfico denunci\u00f3 al titular del Monte de Piedad, Omar Juli\u00e1n Juli\u00e1n y al jefe administrativo, Jos\u00e9 Manuel Guzm\u00e1n Avenda\u00f1o.<\/p>\n\n\n\n<p>Su caso lleg\u00f3 ante la Comisi\u00f3n Interamericana de Derechos Humanos (CIDH), organismo que en agosto de 2024 solicit\u00f3 al gobierno mexicano una respuesta a la solicitud de informaci\u00f3n sobre estas denuncias \u201cdentro del plazo de tres meses, prorrogable si fuese necesario hasta un m\u00e1ximo de cuatro meses\u201d.<\/p>\n\n\n\n<p>Magda Liliana Altamirano inform\u00f3 en su momento que abandon\u00f3 la ciudad de Oaxaca por una serie de amenazas en su contra, y por las cuales tem\u00eda por su vida.<\/p>\n","protected":false},"excerpt":{"rendered":"<p>Redacci\u00f3n\/Estado 20. Oaxaca de Ju\u00e1rez, Oax., a 26 de marzo de 2025.- Magda Liliana Altamirano&hellip;<\/p>\n","protected":false},"author":2,"featured_media":71749,"comment_status":"closed","ping_status":"open","sticky":false,"template":"","format":"standard","meta":{"_lmt_disableupdate":"","_lmt_disable":"","_jetpack_memberships_contains_paid_content":false,"footnotes":""},"categories":[109,47],"tags":[3593],"class_list":["post-78792","post","type-post","status-publish","format-standard","has-post-thumbnail","hentry","category-minuto-a-minuto","category-zona-gris","tag-magda-liliana-altamirano-calderon"],"jetpack_featured_media_url":"https:\/\/zonaroja.com.mx\/wp-content\/uploads\/2024\/08\/Magda-Liliana-Altamirano-Calderon.jpeg","jetpack_sharing_enabled":true,"_links":{"self":[{"href":"https:\/\/zonaroja.com.mx\/index.php?rest_route=\/wp\/v2\/posts\/78792","targetHints":{"allow":["GET"]}}],"collection":[{"href":"https:\/\/zonaroja.com.mx\/index.php?rest_route=\/wp\/v2\/posts"}],"about":[{"href":"https:\/\/zonaroja.com.mx\/index.php?rest_route=\/wp\/v2\/types\/post"}],"author":[{"embeddable":true,"href":"https:\/\/zonaroja.com.mx\/index.php?rest_route=\/wp\/v2\/users\/2"}],"replies":[{"embeddable":true,"href":"https:\/\/zonaroja.com.mx\/index.php?rest_route=%2Fwp%2Fv2%2Fcomments&post=78792"}],"version-history":[{"count":1,"href":"https:\/\/zonaroja.com.mx\/index.php?rest_route=\/wp\/v2\/posts\/78792\/revisions"}],"predecessor-version":[{"id":78793,"href":"https:\/\/zonaroja.com.mx\/index.php?rest_route=\/wp\/v2\/posts\/78792\/revisions\/78793"}],"wp:featuredmedia":[{"embeddable":true,"href":"https:\/\/zonaroja.com.mx\/index.php?rest_route=\/wp\/v2\/media\/71749"}],"wp:attachment":[{"href":"https:\/\/zonaroja.com.mx\/index.php?rest_route=%2Fwp%2Fv2%2Fmedia&parent=78792"}],"wp:term":[{"taxonomy":"category","embeddable":true,"href":"https:\/\/zonaroja.com.mx\/index.php?rest_route=%2Fwp%2Fv2%2Fcategories&post=78792"},{"taxonomy":"post_tag","embeddable":true,"href":"https:\/\/zonaroja.com.mx\/index.php?rest_route=%2Fwp%2Fv2%2Ftags&post=78792"}],"curies":[{"name":"wp","href":"https:\/\/api.w.org\/{rel}","templated":true}]}}