{"id":78794,"date":"2025-03-27T07:15:00","date_gmt":"2025-03-27T13:15:00","guid":{"rendered":"https:\/\/zonaroja.com.mx\/?p=78794"},"modified":"2025-03-27T06:41:43","modified_gmt":"2025-03-27T12:41:43","slug":"impone-trump-arancel-del-25-a-autos-fabricados-fuera-de-eu","status":"publish","type":"post","link":"https:\/\/zonaroja.com.mx\/?p=78794","title":{"rendered":"Impone Trump arancel del 25% a autos fabricados fuera de EU"},"content":{"rendered":"\n<p>Redacci\u00f3n\/Zona Roja Cdmx.<\/p>\n\n\n\n<p>Ciudad de M\u00e9xico, a 27 de marzo de 2025.- El presidente de Estados Unidos, Donald Trump, anunci\u00f3 este mi\u00e9rcoles que se aplicar\u00e1 un arancel del 25% para todos los autom\u00f3viles que sean fabricados fuera de su pa\u00eds, una nueva y agresiva medida que recrudece la guerra comercial iniciada por su administraci\u00f3n.<\/p>\n\n\n\n<p>\u201cDe manera efectiva cobraremos un arancel del 25 % (a los coches)\u201d, afirm\u00f3 Trump en la Casa Blanca en un acto convocado para la firma de una orden ejecutiva para hacer efectiva la medida arancelaria.<\/p>\n\n\n\n<p>Trump explic\u00f3 que prev\u00e9 que la medida, que afectar\u00e1 tambi\u00e9n a camiones ligeros, le puede llegar a reportar a las arcas estadounidenses una cantidad entre los 600 mil millones y el bill\u00f3n de d\u00f3lares en los pr\u00f3ximos dos a\u00f1os.<\/p>\n\n\n\n<p>\u201cEntrar\u00e1 en efecto el 2 de abril, y empezaremos a recaudar el 3 de abril,\u201d a\u00f1adi\u00f3 el presidente estadounidense, que quiso incidir en que \u201csi manufacturas tu veh\u00edculo en los Estados Unidos, no hay aranceles\u201c.<\/p>\n\n\n\n<p>El magnate neoyorquino insisti\u00f3 en que esta partida arancelaria atraer\u00e1 a fabricantes de veh\u00edculos extranjeros a levantar plantas en suelo estadounidense para evitar los grav\u00e1menes y puso como ejemplo los planes del fabricante japon\u00e9s Honda, que este mes anunci\u00f3 que fabricar\u00eda un nuevo modelo en su planta de Indiana, en vez de en M\u00e9xico.<\/p>\n\n\n\n<p>Trump record\u00f3 tambi\u00e9n que el 2 de abril, fecha que ha bautizado como \u201cd\u00eda de la liberaci\u00f3n\u201c, est\u00e1 previsto que anuncie una bater\u00eda de aranceles rec\u00edprocos destinada a pa\u00edses que tengan activados impuestos aduaneros sobre bienes y servicios estadounidenses.<\/p>\n\n\n\n<p>Desde que retorn\u00f3 a la Casa Blanca el 20 de enero, Trump ha apostado por implementar de manera agresiva aranceles a las importaciones procedentes de diversos socios de EE.UU. y corregir lo que considera d\u00e9ficits comerciales injustos para Washington, tanto para atraer inversi\u00f3n de capital corporativo for\u00e1nea como medida de presi\u00f3n para reducir el flujo migratorio o de fentanilo.<\/p>\n\n\n\n<p>Partes de autos fabricadas en M\u00e9xico y Canad\u00e1 quedan exentas de los aranceles de Trump.<\/p>\n\n\n\n<p>Las partes de autom\u00f3viles fabricadas en M\u00e9xico y Canad\u00e1 estar\u00e1n exentas temporalmente de los aranceles del 25 % que la Administraci\u00f3n Trump empezar\u00e1 aplicar el 2 de abril a las importaciones del sector automotriz.<\/p>\n\n\n\n<p>El decreto de ley firmado este mi\u00e9rcoles por el presidente estadounidense, Donald Trump, tambi\u00e9n establece que a los autom\u00f3viles fabricados en M\u00e9xico y Canad\u00e1 se les aplicar\u00e1 los aranceles al contenido hecho fuera de Estados Unidos, lo que supondr\u00eda un gravamen parcial a esos veh\u00edculos.<\/p>\n\n\n\n<p>El texto indica que los aranceles del 25% \u201cno se aplicar\u00e1 a las piezas de autom\u00f3viles que califiquen para un tratamiento preferencial en virtud del T-MEC\u201d hasta que las autoridades establezcan un proceso para \u201caplicar el arancel exclusivamente al valor del contenido no estadounidense de dichas piezas\u201c.<\/p>\n\n\n\n<p>La Administraci\u00f3n de Trump no indic\u00f3 este mi\u00e9rcoles cu\u00e1ndo podr\u00eda estar listo el proceso para distinguir el contenido no estadounidense de las partes.<\/p>\n\n\n\n<p>Con respecto a los autom\u00f3viles fabricados en M\u00e9xico y Canad\u00e1 y exportados a EE.UU., el decreto ley establece que los importadores tendr\u00e1n que identificar \u201cel valor del contenido estadounidense en cada modelo importado\u201d.<\/p>\n\n\n\n<p>\u201cSe entiende por \u2018contenido estadounidense\u2019 el valor del autom\u00f3vil atribuible a las piezas obtenidas \u00edntegramente, producidas en su totalidad o transformadas sustancialmente en Estados Unidos\u201d, especific\u00f3 el decreto.<\/p>\n\n\n\n<p>Una vez que se determine ese contenido, se aplicar\u00e1 el arancel del 25 % \u201cexclusivamente al valor del contenido no estadounidense del veh\u00edculo\u201d.<\/p>\n\n\n\n<p>Al firmar el decreto ley en el Despacho Oval, Trump asegur\u00f3 que los aranceles, que entrar\u00e1n en vigor el 2 de abril, le pueden reportar a EE.UU. entre 600.000 millones y el bill\u00f3n de d\u00f3lares en los pr\u00f3ximos dos a\u00f1os.<\/p>\n\n\n\n<p>Trump se mostr\u00f3 especialmente cr\u00edtico con los fabricantes europeos.<\/p>\n\n\n\n<p>\u201cCompramos millones y millones de sus autos, de BMW, de Volkswagen, de Mercedes-Benz y ellos tienen aranceles no monetarios que hacen que sea casi imposible que podamos vender un coche en Europa\u201d, declar\u00f3.<\/p>\n\n\n\n<p>\u201cLa Uni\u00f3n Europea nos trata de forma horrible en comercio\u201d, concluy\u00f3.<\/p>\n\n\n\n<p>(Con informaci\u00f3n de EFE, en L\u00f3pez-D\u00f3riga Digital)<\/p>\n","protected":false},"excerpt":{"rendered":"<p>Redacci\u00f3n\/Zona Roja Cdmx. Ciudad de M\u00e9xico, a 27 de marzo de 2025.- El presidente de&hellip;<\/p>\n","protected":false},"author":2,"featured_media":78795,"comment_status":"closed","ping_status":"open","sticky":false,"template":"","format":"standard","meta":{"_lmt_disableupdate":"","_lmt_disable":"","_jetpack_memberships_contains_paid_content":false,"footnotes":""},"categories":[109,47],"tags":[1060],"class_list":["post-78794","post","type-post","status-publish","format-standard","has-post-thumbnail","hentry","category-minuto-a-minuto","category-zona-gris","tag-donald-trump"],"jetpack_featured_media_url":"https:\/\/zonaroja.com.mx\/wp-content\/uploads\/2025\/03\/Importacion-de-autos-EU-arancel.jpeg","jetpack_sharing_enabled":true,"_links":{"self":[{"href":"https:\/\/zonaroja.com.mx\/index.php?rest_route=\/wp\/v2\/posts\/78794","targetHints":{"allow":["GET"]}}],"collection":[{"href":"https:\/\/zonaroja.com.mx\/index.php?rest_route=\/wp\/v2\/posts"}],"about":[{"href":"https:\/\/zonaroja.com.mx\/index.php?rest_route=\/wp\/v2\/types\/post"}],"author":[{"embeddable":true,"href":"https:\/\/zonaroja.com.mx\/index.php?rest_route=\/wp\/v2\/users\/2"}],"replies":[{"embeddable":true,"href":"https:\/\/zonaroja.com.mx\/index.php?rest_route=%2Fwp%2Fv2%2Fcomments&post=78794"}],"version-history":[{"count":1,"href":"https:\/\/zonaroja.com.mx\/index.php?rest_route=\/wp\/v2\/posts\/78794\/revisions"}],"predecessor-version":[{"id":78796,"href":"https:\/\/zonaroja.com.mx\/index.php?rest_route=\/wp\/v2\/posts\/78794\/revisions\/78796"}],"wp:featuredmedia":[{"embeddable":true,"href":"https:\/\/zonaroja.com.mx\/index.php?rest_route=\/wp\/v2\/media\/78795"}],"wp:attachment":[{"href":"https:\/\/zonaroja.com.mx\/index.php?rest_route=%2Fwp%2Fv2%2Fmedia&parent=78794"}],"wp:term":[{"taxonomy":"category","embeddable":true,"href":"https:\/\/zonaroja.com.mx\/index.php?rest_route=%2Fwp%2Fv2%2Fcategories&post=78794"},{"taxonomy":"post_tag","embeddable":true,"href":"https:\/\/zonaroja.com.mx\/index.php?rest_route=%2Fwp%2Fv2%2Ftags&post=78794"}],"curies":[{"name":"wp","href":"https:\/\/api.w.org\/{rel}","templated":true}]}}