{"id":78797,"date":"2025-03-27T08:15:00","date_gmt":"2025-03-27T14:15:00","guid":{"rendered":"https:\/\/zonaroja.com.mx\/?p=78797"},"modified":"2025-03-27T06:49:28","modified_gmt":"2025-03-27T12:49:28","slug":"identifican-a-ejecutado-a-balazos-en-juchitan-oaxaca","status":"publish","type":"post","link":"https:\/\/zonaroja.com.mx\/?p=78797","title":{"rendered":"Identifican a ejecutado a balazos en Juchit\u00e1n, Oaxaca"},"content":{"rendered":"\n<p>Raymundo Morales\/Zona Roja.<\/p>\n\n\n\n<p>Oaxaca de Ju\u00e1rez, Oax., a 27 de marzo de 2025.- Como Esau M. C., de 29 a\u00f1os de edad, fue identificada la persona ejecutada a balazos anoche en el municipio de Juchit\u00e1n de Zaragoza.<\/p>\n\n\n\n<p>El crimen en contra del mototaxista se perpetr\u00f3 alrededor de las 21:00 horas, cuando circulaba sobre la calle Vicente Guerrero de la Segunda Secci\u00f3n de dicha ciudad istme\u00f1a.<\/p>\n\n\n\n<p>Sujetos lo acribillaron tras lo cual se dieron a la fuga y, pese a haber ocurrido en zona c\u00e9ntrica de Juchit\u00e1n, no hab\u00eda polic\u00edas en la zona para actuar de inmediato en contra de los presuntos delincuentes.<\/p>\n\n\n\n<p>Tras el crimen, arribaron de inmediato los familiares del hoy occiso, que recogieron el cuerpo y se lo llevaron a su domicilio, en la colonia M\u00e1rtires 31 de julio.<\/p>\n\n\n\n<p>De manera preliminar se inform\u00f3 que fueron al menos dos sujetos armados a bordo de una motocicleta quienes cometieron el crimen, el cual es investigado por la Vicefiscal\u00eda Regional del Istmo, dependiente de la Fiscal\u00eda General del Estado de Oaxaca.<\/p>\n\n\n\n<p>Cabe mencionar que en el transcurso de ayer mi\u00e9rcoles, fueron asesinadas dos personas, una en Ocotl\u00e1n de Morelos, regi\u00f3n Valles Centrales, y otro en Miahuatl\u00e1n de Porfirio D\u00edaz, regi\u00f3n Sierra Sur.<\/p>\n\n\n\n<p>En todos los casos no hay reporte de personas detenidas.<\/p>\n","protected":false},"excerpt":{"rendered":"<p>Raymundo Morales\/Zona Roja. Oaxaca de Ju\u00e1rez, Oax., a 27 de marzo de 2025.- Como Esau&hellip;<\/p>\n","protected":false},"author":2,"featured_media":78798,"comment_status":"closed","ping_status":"open","sticky":false,"template":"","format":"standard","meta":{"_lmt_disableupdate":"","_lmt_disable":"","_jetpack_memberships_contains_paid_content":false,"footnotes":""},"categories":[109,51],"tags":[297],"class_list":["post-78797","post","type-post","status-publish","format-standard","has-post-thumbnail","hentry","category-minuto-a-minuto","category-zona-roja","tag-ejecutado-juchitan"],"jetpack_featured_media_url":"https:\/\/zonaroja.com.mx\/wp-content\/uploads\/2025\/03\/Mototaxista-asesinado-ciudad-de-Oaxaca.jpeg","jetpack_sharing_enabled":true,"_links":{"self":[{"href":"https:\/\/zonaroja.com.mx\/index.php?rest_route=\/wp\/v2\/posts\/78797","targetHints":{"allow":["GET"]}}],"collection":[{"href":"https:\/\/zonaroja.com.mx\/index.php?rest_route=\/wp\/v2\/posts"}],"about":[{"href":"https:\/\/zonaroja.com.mx\/index.php?rest_route=\/wp\/v2\/types\/post"}],"author":[{"embeddable":true,"href":"https:\/\/zonaroja.com.mx\/index.php?rest_route=\/wp\/v2\/users\/2"}],"replies":[{"embeddable":true,"href":"https:\/\/zonaroja.com.mx\/index.php?rest_route=%2Fwp%2Fv2%2Fcomments&post=78797"}],"version-history":[{"count":1,"href":"https:\/\/zonaroja.com.mx\/index.php?rest_route=\/wp\/v2\/posts\/78797\/revisions"}],"predecessor-version":[{"id":78799,"href":"https:\/\/zonaroja.com.mx\/index.php?rest_route=\/wp\/v2\/posts\/78797\/revisions\/78799"}],"wp:featuredmedia":[{"embeddable":true,"href":"https:\/\/zonaroja.com.mx\/index.php?rest_route=\/wp\/v2\/media\/78798"}],"wp:attachment":[{"href":"https:\/\/zonaroja.com.mx\/index.php?rest_route=%2Fwp%2Fv2%2Fmedia&parent=78797"}],"wp:term":[{"taxonomy":"category","embeddable":true,"href":"https:\/\/zonaroja.com.mx\/index.php?rest_route=%2Fwp%2Fv2%2Fcategories&post=78797"},{"taxonomy":"post_tag","embeddable":true,"href":"https:\/\/zonaroja.com.mx\/index.php?rest_route=%2Fwp%2Fv2%2Ftags&post=78797"}],"curies":[{"name":"wp","href":"https:\/\/api.w.org\/{rel}","templated":true}]}}