{"id":78801,"date":"2025-03-27T12:30:00","date_gmt":"2025-03-27T18:30:00","guid":{"rendered":"https:\/\/zonaroja.com.mx\/?p=78801"},"modified":"2025-03-27T07:47:38","modified_gmt":"2025-03-27T13:47:38","slug":"opinion-otra-vez-el-porrismo-en-la-uabjo","status":"publish","type":"post","link":"https:\/\/zonaroja.com.mx\/?p=78801","title":{"rendered":"Opini\u00f3n. Otra vez el porrismo en la UABJO"},"content":{"rendered":"\n<p>Isidoro Yescas Mart\u00ednez*<\/p>\n\n\n\n<p>Ya hac\u00eda tiempo que en la UABJO las jornadas para elegir director o directora no se dirim\u00edan a balazos.&nbsp;<\/p>\n\n\n\n<p>Ya hac\u00eda tiempo tambi\u00e9n que no se violaban en forma flagrante las reglas escritas y aprobadas por el Colegio Electoral (y establecidas en la Ley Org\u00e1nica), tal como ocurri\u00f3 cuando un reducido grupo de alumnos y docentes de la Facultad de Econom\u00eda, apoyados por \u201cporros\u201d armados y encapuchados, \u00abeligieron\u00bb como directora a Marisol Santiago Arango, en un recinto distinto al que ocupa la Facultad de Econom\u00eda.<\/p>\n\n\n\n<p>Incre\u00edble que en una facultad con no m\u00e1s de 70 alumnos y 20 profesores, se hubiese suscitado un hecho de violencia para imponer a una autoridad violando los t\u00e9rminos de la convocatoria e ignorando al Colegio Electoral.<\/p>\n\n\n\n<p>Lamentable que el Consejo Universitario, que ayer (el martes) mismo sesion\u00f3, solamente condenara la violencia sin atreverse a invalidar de inmediato una elecci\u00f3n a todas luces ilegal, y con evidentes expresiones de violencia.<\/p>\n\n\n\n<p>Y a todo esto, sin duda que el rector Cristian Carre\u00f1o debe explicaciones sobre las irregularidades registradas antes y durante la jornada electoral.&nbsp;<\/p>\n\n\n\n<p>Debe hacerlo porque de su imparcialidad (que por lo menos en Medicina no est\u00e1 asumiendo ese papel) y respeto a la legalidad universitaria depender\u00e1 en mucho el desenlace de la elecciones de director o directora en las facultades de Medicina y Contadur\u00eda, a realizarse entre abril y mayo de este a\u00f1o.<\/p>\n\n\n\n<p>*Maestro en Sociolog\u00eda.<\/p>\n\n\n\n<p>@YescasIsidoro<\/p>\n","protected":false},"excerpt":{"rendered":"<p>Isidoro Yescas Mart\u00ednez* Ya hac\u00eda tiempo que en la UABJO las jornadas para elegir director&hellip;<\/p>\n","protected":false},"author":2,"featured_media":78328,"comment_status":"closed","ping_status":"open","sticky":false,"template":"","format":"standard","meta":{"_lmt_disableupdate":"","_lmt_disable":"","_jetpack_memberships_contains_paid_content":false,"footnotes":""},"categories":[456,109],"tags":[3998],"class_list":["post-78801","post","type-post","status-publish","format-standard","has-post-thumbnail","hentry","category-columna","category-minuto-a-minuto","tag-isidoro-yescas-martinez"],"jetpack_featured_media_url":"https:\/\/zonaroja.com.mx\/wp-content\/uploads\/2025\/03\/Isidoro-Yescas-Martinez.jpg","jetpack_sharing_enabled":true,"_links":{"self":[{"href":"https:\/\/zonaroja.com.mx\/index.php?rest_route=\/wp\/v2\/posts\/78801","targetHints":{"allow":["GET"]}}],"collection":[{"href":"https:\/\/zonaroja.com.mx\/index.php?rest_route=\/wp\/v2\/posts"}],"about":[{"href":"https:\/\/zonaroja.com.mx\/index.php?rest_route=\/wp\/v2\/types\/post"}],"author":[{"embeddable":true,"href":"https:\/\/zonaroja.com.mx\/index.php?rest_route=\/wp\/v2\/users\/2"}],"replies":[{"embeddable":true,"href":"https:\/\/zonaroja.com.mx\/index.php?rest_route=%2Fwp%2Fv2%2Fcomments&post=78801"}],"version-history":[{"count":1,"href":"https:\/\/zonaroja.com.mx\/index.php?rest_route=\/wp\/v2\/posts\/78801\/revisions"}],"predecessor-version":[{"id":78802,"href":"https:\/\/zonaroja.com.mx\/index.php?rest_route=\/wp\/v2\/posts\/78801\/revisions\/78802"}],"wp:featuredmedia":[{"embeddable":true,"href":"https:\/\/zonaroja.com.mx\/index.php?rest_route=\/wp\/v2\/media\/78328"}],"wp:attachment":[{"href":"https:\/\/zonaroja.com.mx\/index.php?rest_route=%2Fwp%2Fv2%2Fmedia&parent=78801"}],"wp:term":[{"taxonomy":"category","embeddable":true,"href":"https:\/\/zonaroja.com.mx\/index.php?rest_route=%2Fwp%2Fv2%2Fcategories&post=78801"},{"taxonomy":"post_tag","embeddable":true,"href":"https:\/\/zonaroja.com.mx\/index.php?rest_route=%2Fwp%2Fv2%2Ftags&post=78801"}],"curies":[{"name":"wp","href":"https:\/\/api.w.org\/{rel}","templated":true}]}}