{"id":78803,"date":"2025-03-27T09:15:00","date_gmt":"2025-03-27T15:15:00","guid":{"rendered":"https:\/\/zonaroja.com.mx\/?p=78803"},"modified":"2025-03-27T07:50:19","modified_gmt":"2025-03-27T13:50:19","slug":"concluye-la-fase-estatal-del-certamen-nacional-de-oratoria-en-congreso","status":"publish","type":"post","link":"https:\/\/zonaroja.com.mx\/?p=78803","title":{"rendered":"Concluye la fase estatal del Certamen Nacional de Oratoria\u00a0 en Congreso"},"content":{"rendered":"\n<p>Redacci\u00f3n\/Zona Roja.<\/p>\n\n\n\n<p>Oaxaca de Ju\u00e1rez, Oax., a 27 de marzo de 2025.- La sede del Poder Legislativo de Oaxaca reson\u00f3 con las voces de la ni\u00f1ez, adolescentes y j\u00f3venes que participaron este 26 de marzo en la etapa estatal del XXIII Concurso Nacional de Oratoria \u201cLic. Benito Ju\u00e1rez Garc\u00eda\u201d, quienes, a trav\u00e9s del arte de la palabra expresaron sus ideas y perspectivas sobre sus comunidades, tradiciones, educaci\u00f3n, paz, justicia y otros temas de inter\u00e9s colectivo.<\/p>\n\n\n\n<p>Luego de una larga jornada de participaciones, donde cada concursante tuvo una presentaci\u00f3n magistral, haciendo uso de la comunicaci\u00f3n oral y el desenvolvimiento esc\u00e9nico, en la Categor\u00eda A (de 8-11 a\u00f1os), el jurado calificador conformado por la maestra Martina Cort\u00e9s Silva, as\u00ed como los maestros Orlando Toledo Gir\u00f3n y Vicente Toledo Mart\u00ednez, otorg\u00f3 el tercer lugar al ni\u00f1o Sebasti\u00e1n Enr\u00edquez V\u00e1squez, de 10 a\u00f1os de edad, originario de Oaxaca de Ju\u00e1rez.<\/p>\n\n\n\n<p>El segundo lugar fue para la ni\u00f1a Iris Alexia Alav\u00e9s G\u00f3mez, de 11 a\u00f1os de edad, de San Lorenzo Cacaotepec; y el primer lugar fue para Magela Dessire Zald\u00edvar Romero, de 11 a\u00f1os de edad, de San Francisco Sola.<\/p>\n\n\n\n<p>En la Categor\u00eda B (de 12-15 a\u00f1os), las y los profesionales del jurado calificador Flor Nallely San Juan Z\u00e1rate, Jes\u00fas Rasgado G\u00f3mez y Juli\u00e1n Gonz\u00e1lez Villarreal, otorgaron el primer lugar a Perla Esmeralda Orozco G\u00f3mez, de 13 a\u00f1os de edad, de Santa Mar\u00eda Tlahuitoltepec, hablante de la lengua Mixe; el segundo lugar a Ivana Bautista Ortiz, de 14 a\u00f1os de edad, de la Heroica Ciudad de Tlaxiaco, hablante del Mixteco; y el tercer lugar fue para Axel Gabriel L\u00f3pez Hern\u00e1ndez, de 14 a\u00f1os, de la Heroica Ciudad de Tlaxiaco.<\/p>\n\n\n\n<p>En la Categor\u00eda C (de 16 a 18 a\u00f1os), quienes gracias a su desempe\u00f1o, discurso y elocuencia en su participaci\u00f3n resultaron triunfantes fueron, del tercer lugar, Sa\u00fal Farid Cruz Ram\u00edrez, de 17 a\u00f1os de edad, de Santa Cruz Xoxocotl\u00e1n; en segundo lugar, Flor de Mar\u00eda Miguel Ram\u00edrez, de 17 a\u00f1os de edad, de San Juan Bautista Tuxtepec; y el primer lugar, Paola Ximena Guzm\u00e1n Reyes, estudiante de Derecho en la Universidad Aut\u00f3noma \u201cBenito Ju\u00e1rez\u201d de Oaxaca (UABJO), con el tema \u201cLa drogadicci\u00f3n y su impacto en las juventudes\u201d.<\/p>\n\n\n\n<p>El Jurado estuvo conformado por Epifanio Juan Rojas Olmedo, M\u00f3nica Manzano Carrillo y Manuel L\u00f3pez Villalobos, especialistas en educaci\u00f3n, literatura y pol\u00edtica.<\/p>\n\n\n\n<p>Y en la Categor\u00eda D (de 19 a 29 a\u00f1os), el primer lugar fue otorgado a la abogada Giscell Gamboa \u00c1vila, 28 a\u00f1os, de San Sebasti\u00e1n Tutla con el tema \u201cRelaci\u00f3n entre M\u00e9xico y Estados Unidos\u201d; el segundo lugar al cineasta Antonio Jes\u00fas S\u00e1nchez Felipe, de 26 a\u00f1os, hablante de la lengua Mixe de Santa Mar\u00eda Alotepec; y el tercer lugar al estudiante de Comunicaci\u00f3n Aldo Hern\u00e1ndez D\u00e1vila, de 22 a\u00f1os, hablante del Mazateco, de la Sierra de Flores Mag\u00f3n.<\/p>\n\n\n\n<p>En su discurso de agradecimiento, la galardonada destac\u00f3 la importancia del apoyo colectivo para derribar barreras y prejuicios impuestos por el patriarcado, permitiendo que las mujeres oaxaque\u00f1as hablen de justicia, libertad y exijan sus derechos. Sobre todo, enfatiz\u00f3, en la necesidad de \u201celiminar las violencias que han existido en muchos cert\u00e1menes, porque la oratoria no tiene \u00fanicamente voz de hombre, tambi\u00e9n tiene nuestras voces, y qu\u00e9 mejor que la voz de la mujer oaxaque\u00f1a\u201d, remarc\u00f3.<\/p>\n\n\n\n<p>El jurado calificador estuvo integrado por Roque Jim\u00e9nez Antonio, Ramiro Samuel Cruz Cruz, Jos\u00e9 Luis Olvera \u00c1lvarez, Efra\u00edn Blas Ram\u00edrez Mart\u00ednez, Fredy Rosado L\u00f3pez y Mario Apolinar Ruiz, con una amplia trayectoria en este \u00e1mbito.<\/p>\n\n\n\n<p>La premiaci\u00f3n a las y los triunfadores fue encabezada por el diputado presidente de la Junta de Coordinaci\u00f3n Pol\u00edtica (Jucopo), Benjam\u00edn Viveros Montalvo; las diputadas Mar\u00eda Francisca Antonio Santiago e Irma Pineda Santiago, Presidenta e integrante respectivamente de la Comisi\u00f3n Permanente de Educaci\u00f3n, Ciencia, Tecnolog\u00eda e Innovaci\u00f3n.<\/p>\n\n\n\n<p>Las voces entusiastas de las y los oradores de la Ciudad de M\u00e9xico, Tlaxcala, Michoac\u00e1n, Nuevo Le\u00f3n, Puebla, Morelos, Aguascalientes, Guerrero, Baja California Sur, Hidalgo, Jalisco, Quer\u00e9taro y Oaxaca se escuchar\u00e1n en la etapa nacional del Certamen de Oratoria que se realizar\u00e1 este jueves 27 de marzo en el Recinto Legislativo.<\/p>\n","protected":false},"excerpt":{"rendered":"<p>Redacci\u00f3n\/Zona Roja. Oaxaca de Ju\u00e1rez, Oax., a 27 de marzo de 2025.- La sede del&hellip;<\/p>\n","protected":false},"author":2,"featured_media":78804,"comment_status":"closed","ping_status":"open","sticky":false,"template":"","format":"standard","meta":{"_lmt_disableupdate":"","_lmt_disable":"","_jetpack_memberships_contains_paid_content":false,"footnotes":""},"categories":[109,46],"tags":[214],"class_list":["post-78803","post","type-post","status-publish","format-standard","has-post-thumbnail","hentry","category-minuto-a-minuto","category-zona-blanca","tag-congreso-del-estado"],"jetpack_featured_media_url":"https:\/\/zonaroja.com.mx\/wp-content\/uploads\/2025\/03\/Premiacion-Categoria-C_Certamen-de-Oratoria_fase-estatal.jpeg","jetpack_sharing_enabled":true,"_links":{"self":[{"href":"https:\/\/zonaroja.com.mx\/index.php?rest_route=\/wp\/v2\/posts\/78803","targetHints":{"allow":["GET"]}}],"collection":[{"href":"https:\/\/zonaroja.com.mx\/index.php?rest_route=\/wp\/v2\/posts"}],"about":[{"href":"https:\/\/zonaroja.com.mx\/index.php?rest_route=\/wp\/v2\/types\/post"}],"author":[{"embeddable":true,"href":"https:\/\/zonaroja.com.mx\/index.php?rest_route=\/wp\/v2\/users\/2"}],"replies":[{"embeddable":true,"href":"https:\/\/zonaroja.com.mx\/index.php?rest_route=%2Fwp%2Fv2%2Fcomments&post=78803"}],"version-history":[{"count":1,"href":"https:\/\/zonaroja.com.mx\/index.php?rest_route=\/wp\/v2\/posts\/78803\/revisions"}],"predecessor-version":[{"id":78805,"href":"https:\/\/zonaroja.com.mx\/index.php?rest_route=\/wp\/v2\/posts\/78803\/revisions\/78805"}],"wp:featuredmedia":[{"embeddable":true,"href":"https:\/\/zonaroja.com.mx\/index.php?rest_route=\/wp\/v2\/media\/78804"}],"wp:attachment":[{"href":"https:\/\/zonaroja.com.mx\/index.php?rest_route=%2Fwp%2Fv2%2Fmedia&parent=78803"}],"wp:term":[{"taxonomy":"category","embeddable":true,"href":"https:\/\/zonaroja.com.mx\/index.php?rest_route=%2Fwp%2Fv2%2Fcategories&post=78803"},{"taxonomy":"post_tag","embeddable":true,"href":"https:\/\/zonaroja.com.mx\/index.php?rest_route=%2Fwp%2Fv2%2Ftags&post=78803"}],"curies":[{"name":"wp","href":"https:\/\/api.w.org\/{rel}","templated":true}]}}