{"id":78806,"date":"2025-03-27T10:30:00","date_gmt":"2025-03-27T16:30:00","guid":{"rendered":"https:\/\/zonaroja.com.mx\/?p=78806"},"modified":"2025-03-27T08:03:03","modified_gmt":"2025-03-27T14:03:03","slug":"denuncian-a-director-de-coros-de-la-catedral-por-abuso-sexual","status":"publish","type":"post","link":"https:\/\/zonaroja.com.mx\/?p=78806","title":{"rendered":"Denuncian a director de coros de la Catedral por abuso sexual"},"content":{"rendered":"\n<p>Ismael Garc\u00eda M.\/Zona Roja.<\/p>\n\n\n\n<p>Oaxaca de Ju\u00e1rez, Oax., a 27 de marzo de 2025.- \u201cTen\u00eda nueve a\u00f1os cuando te aprovechaste de mi inocencia y lastimaste mi ni\u00f1ez.<\/p>\n\n\n\n<p>\u201cMe acuerdo perfectamente que hab\u00eda sido la calenda de la fiesta de San Juditas, todos se adelantaron y a m\u00ed me toc\u00f3 irme contigo en la camioneta de mi t\u00eda M.F., te paraste a fuera de la iglesia que est\u00e1 atr\u00e1s de Santa Rosa\u201d.<\/p>\n\n\n\n<p>As\u00ed comienza su relato Ximena F. F., difundido esta semana en la red social Facebook, contra el director de coros de la Catedral Metropolitana de Oaxaca, Joel C. V., quien ya habr\u00eda sido separado del cargo y el pasado domingo ya no acudi\u00f3 al servicio religioso.<\/p>\n\n\n\n<p>\u201cMe dijiste que ah\u00ed \u00edbamos a esperar a todos porque la calenda ten\u00eda que llegar, me dijiste que estabas muy cansado y que te dol\u00edan las piernas; tu mano la fuiste acercando poco a poco a mi zona \u00edntima, y me dec\u00edas que ah\u00ed te dol\u00eda; despu\u00e9s agarraste mi mano y empezaste hacer lo mismo con mi manita en la tuya.<\/p>\n\n\n\n<p>\u201cQued\u00e9 sin poder hacer nada y lo \u00fanico que pude decirte fue que ya nos fu\u00e9ramos y que alcanz\u00e1ramos a todos los de la calenda, y dijiste que ellos vendr\u00edan y yo te dije que no, &nbsp;arrancaste la camioneta y fuimos a donde estaban todos\u201d.<\/p>\n\n\n\n<p>En su narraci\u00f3n, la v\u00edctima detalla que ese hecho lo cont\u00f3 a una persona cercana a ella, quien la cuid\u00f3 y protegi\u00f3 del presunto abusador. \u201cEse d\u00eda te tuve mucho miedo, ese d\u00eda me quitaste una gran parte de lo que es ser una ni\u00f1a\u201d.<\/p>\n\n\n\n<p>Detalla que se decidi\u00f3 a publicar el caso y su denuncia porque \u201cestoy cansada que te sigas burlando como si no hubieras hecho nada, estoy cansada que mi familia te proteja, estoy cansada de que me digan que porque no lleg\u00f3 al acto no cuenta lo que me hiciste.<\/p>\n\n\n\n<p>\u201cMe das asco, me das asco que alg\u00fan d\u00eda mi hermana te pudo haber llamado padrino. Me das asco la manera en que miras a todas las mujeres, porque no soy la \u00fanica, Joel Ch. V.\u201d.<\/p>\n\n\n\n<p>Explica que hace un a\u00f1o se decidi\u00f3 a contar su historia pero no se sinti\u00f3 respaldada por nadie, pues prefirieron respaldar al acosador.<\/p>\n\n\n\n<p>\u201cHoy ya no me da pena decir lo que me hiciste, porque despu\u00e9s de mucho, entend\u00ed que al que le ten\u00eda que dar una es a ti, pero es algo que no conoces. \u00a1Si mi familia te perdon\u00f3, \u00a1yo no!\u201d.<\/p>\n","protected":false},"excerpt":{"rendered":"<p>Ismael Garc\u00eda M.\/Zona Roja. Oaxaca de Ju\u00e1rez, Oax., a 27 de marzo de 2025.- \u201cTen\u00eda&hellip;<\/p>\n","protected":false},"author":2,"featured_media":78807,"comment_status":"closed","ping_status":"open","sticky":false,"template":"","format":"standard","meta":{"_lmt_disableupdate":"","_lmt_disable":"","_jetpack_memberships_contains_paid_content":false,"footnotes":""},"categories":[109,47],"tags":[],"class_list":["post-78806","post","type-post","status-publish","format-standard","has-post-thumbnail","hentry","category-minuto-a-minuto","category-zona-gris"],"jetpack_featured_media_url":"https:\/\/zonaroja.com.mx\/wp-content\/uploads\/2025\/03\/Acosador-sexual-catedral-Oaxaca.jpg","jetpack_sharing_enabled":true,"_links":{"self":[{"href":"https:\/\/zonaroja.com.mx\/index.php?rest_route=\/wp\/v2\/posts\/78806","targetHints":{"allow":["GET"]}}],"collection":[{"href":"https:\/\/zonaroja.com.mx\/index.php?rest_route=\/wp\/v2\/posts"}],"about":[{"href":"https:\/\/zonaroja.com.mx\/index.php?rest_route=\/wp\/v2\/types\/post"}],"author":[{"embeddable":true,"href":"https:\/\/zonaroja.com.mx\/index.php?rest_route=\/wp\/v2\/users\/2"}],"replies":[{"embeddable":true,"href":"https:\/\/zonaroja.com.mx\/index.php?rest_route=%2Fwp%2Fv2%2Fcomments&post=78806"}],"version-history":[{"count":1,"href":"https:\/\/zonaroja.com.mx\/index.php?rest_route=\/wp\/v2\/posts\/78806\/revisions"}],"predecessor-version":[{"id":78808,"href":"https:\/\/zonaroja.com.mx\/index.php?rest_route=\/wp\/v2\/posts\/78806\/revisions\/78808"}],"wp:featuredmedia":[{"embeddable":true,"href":"https:\/\/zonaroja.com.mx\/index.php?rest_route=\/wp\/v2\/media\/78807"}],"wp:attachment":[{"href":"https:\/\/zonaroja.com.mx\/index.php?rest_route=%2Fwp%2Fv2%2Fmedia&parent=78806"}],"wp:term":[{"taxonomy":"category","embeddable":true,"href":"https:\/\/zonaroja.com.mx\/index.php?rest_route=%2Fwp%2Fv2%2Fcategories&post=78806"},{"taxonomy":"post_tag","embeddable":true,"href":"https:\/\/zonaroja.com.mx\/index.php?rest_route=%2Fwp%2Fv2%2Ftags&post=78806"}],"curies":[{"name":"wp","href":"https:\/\/api.w.org\/{rel}","templated":true}]}}