{"id":78814,"date":"2025-03-27T14:14:00","date_gmt":"2025-03-27T20:14:00","guid":{"rendered":"https:\/\/zonaroja.com.mx\/?p=78814"},"modified":"2025-03-27T08:15:14","modified_gmt":"2025-03-27T14:15:14","slug":"vinculan-a-proceso-a-jorge-winckler-exfiscal-de-veracruz-de-origen-oaxaqueno","status":"publish","type":"post","link":"https:\/\/zonaroja.com.mx\/?p=78814","title":{"rendered":"Vinculan a proceso a Jorge Winckler, exfiscal de Veracruz, de origen oaxaque\u00f1o"},"content":{"rendered":"\n<p>Redacci\u00f3n\/Zona Roja Cdmx.<\/p>\n\n\n\n<p>Ciudad de M\u00e9xico, a 27 de marzo de 2025.- El exfiscal general del estado de Veracruz, Jorge Winckler Ortiz, fue vinculado a proceso acusado por el delito de tortura, en agravio de un exfuncionario de la administraci\u00f3n de Javier Duarte de Ochoa, identificado bajo las iniciales G.A.G.<\/p>\n\n\n\n<p>La medida fue confirmada por el Juez de Proceso y Procedimiento Penal Oral del Distrito Judicial de Xalapa, con sede en Pacho Viejo, quien tambi\u00e9n ratific\u00f3 la prisi\u00f3n preventiva justificada como medida cautelar, seg\u00fan inform\u00f3 la Fiscal\u00eda General del Estado (FGE) en un breve mensaje en redes sociales emitido a la 1:30 horas de este jueves 27 de marzo.<\/p>\n\n\n\n<p>&nbsp;La audiencia de vinculaci\u00f3n inici\u00f3 la ma\u00f1ana del mi\u00e9rcoles 26 de marzo y se prolong\u00f3 durante m\u00e1s de diez horas. El proceso se desarrolla bajo el n\u00famero 115\/2025 y est\u00e1 a cargo del juez Antonio Zarur Ahumada. La causa penal refiere a hechos ocurridos en 2018, tras la detenci\u00f3n del exfuncionario, cuando se desempe\u00f1aba como director de Servicios Periciales de la FGE.<\/p>\n\n\n\n<p>TORTURA CON M\u00daSICA<\/p>\n\n\n\n<p>De acuerdo con la informaci\u00f3n que ha contado el abogado de la v\u00edctima, Jorge Reyes Peralta, el agraviado fue recluido en una celda donde se reproduc\u00eda m\u00fasica de reguet\u00f3n a volumen elevado durante el d\u00eda y la noche, especialmente canciones del artista Maluma.<\/p>\n\n\n\n<p>Su defensa sostiene que estas condiciones, junto con interrogatorios nocturnos sin presencia de defensa legal, constituyeron actos de tortura, conforme a los est\u00e1ndares del Protocolo de Estambul. La v\u00edctima, aficionada a la m\u00fasica cl\u00e1sica, habr\u00eda perdido 8 kilogramos de peso durante el encierro.<\/p>\n\n\n\n<p>Adem\u00e1s, el detenido habr\u00eda recibido una propuesta de colaboraci\u00f3n por parte de Jorge Winckler y del entonces gobernador Miguel \u00c1ngel Yunes Linares, seg\u00fan la misma fuente.<\/p>\n\n\n\n<p>A cambio de declarar contra el exfiscal Luis \u00c1ngel Bravo Contreras, se le ofrec\u00eda detener la m\u00fasica, respetar a su familia y entregarle una televisi\u00f3n y un tel\u00e9fono en su celda.<\/p>\n\n\n\n<p>En la audiencia de este mi\u00e9rcoles estuvo presente el exfiscal Luis \u00c1ngel Bravo Contreras, quien tambi\u00e9n fue procesado durante el gobierno de Yunes. En entrevista con Milenio, afirm\u00f3 que Jorge Winckler \u201cse prest\u00f3 a cosas ruines\u201d y que ahora se encuentra en la misma posici\u00f3n que \u00e9l ocup\u00f3 seis a\u00f1os atr\u00e1s. \u201cEl karma alcanz\u00f3 a Winckler\u201d, declar\u00f3 Bravo, quien tambi\u00e9n se\u00f1al\u00f3 que el agraviado fue torturado para que lo incriminara falsamente.<\/p>\n\n\n\n<p>Bravo Contreras afirm\u00f3 que su propio proceso judicial, por obstrucci\u00f3n de la investigaci\u00f3n de desaparici\u00f3n forzada en el caso de 13 cuerpos hallados en La Aurora, contin\u00faa abierto, y que su encarcelamiento fue una maniobra pol\u00edtica. \u201cDurante el bienio de Miguel \u00c1ngel Yunes, mi casa de seguridad fue el penal de Pacho Viejo\u201d, dijo.<\/p>\n\n\n\n<p>ACUSACIONES PREVIAS<\/p>\n\n\n\n<p>Jorge Winckler fue detenido en el a\u00f1o 2022 en el estado de Oaxaca, y enfrenta procesos por desaparici\u00f3n forzada y privaci\u00f3n ilegal de la libertad. En 2024 fue vinculado por tortura en otro caso, contra Francisco Z\u00e1rate Avi\u00f1a, excolaborador de Bravo Contreras.<\/p>\n\n\n\n<p>Seg\u00fan la informaci\u00f3n, el delito actual se habr\u00eda cometido durante los interrogatorios a la v\u00edctima con el objetivo de incriminar tanto a Bravo como al exgobernador Duarte.<\/p>\n\n\n\n<p>\u201cLo anterior debido a su participaci\u00f3n en los hechos que la ley se\u00f1ala como delito al ordenar a sus excolaboradores @ledcoronelg y Marcos Even Torres Zamudio (ambos pr\u00f3fugos de la justicia) a torturar\u201d al exfuncionario detenido, escribi\u00f3 Duarte en su cuenta de X.<\/p>\n\n\n\n<p>En septiembre de 2020, la Legislatura del Congreso de Veracruz destituy\u00f3 a Winckler del cargo de fiscal general, argumentando que no cumpl\u00eda con los requisitos legales de ingreso y permanencia. Desde entonces, ha acumulado varias imputaciones en su contra y permanece bajo custodia en el penal de Pacho Viejo.<\/p>\n\n\n\n<p>(Informaci\u00f3n de Infobae M\u00e9xico)<\/p>\n","protected":false},"excerpt":{"rendered":"<p>Redacci\u00f3n\/Zona Roja Cdmx. Ciudad de M\u00e9xico, a 27 de marzo de 2025.- El exfiscal general&hellip;<\/p>\n","protected":false},"author":2,"featured_media":78815,"comment_status":"closed","ping_status":"open","sticky":false,"template":"","format":"standard","meta":{"_lmt_disableupdate":"","_lmt_disable":"","_jetpack_memberships_contains_paid_content":false,"footnotes":""},"categories":[109,47],"tags":[662],"class_list":["post-78814","post","type-post","status-publish","format-standard","has-post-thumbnail","hentry","category-minuto-a-minuto","category-zona-gris","tag-jorge-winclker-ortiz"],"jetpack_featured_media_url":"https:\/\/zonaroja.com.mx\/wp-content\/uploads\/2025\/03\/Jorge-Winkler.jpg.avif","jetpack_sharing_enabled":true,"_links":{"self":[{"href":"https:\/\/zonaroja.com.mx\/index.php?rest_route=\/wp\/v2\/posts\/78814","targetHints":{"allow":["GET"]}}],"collection":[{"href":"https:\/\/zonaroja.com.mx\/index.php?rest_route=\/wp\/v2\/posts"}],"about":[{"href":"https:\/\/zonaroja.com.mx\/index.php?rest_route=\/wp\/v2\/types\/post"}],"author":[{"embeddable":true,"href":"https:\/\/zonaroja.com.mx\/index.php?rest_route=\/wp\/v2\/users\/2"}],"replies":[{"embeddable":true,"href":"https:\/\/zonaroja.com.mx\/index.php?rest_route=%2Fwp%2Fv2%2Fcomments&post=78814"}],"version-history":[{"count":1,"href":"https:\/\/zonaroja.com.mx\/index.php?rest_route=\/wp\/v2\/posts\/78814\/revisions"}],"predecessor-version":[{"id":78816,"href":"https:\/\/zonaroja.com.mx\/index.php?rest_route=\/wp\/v2\/posts\/78814\/revisions\/78816"}],"wp:featuredmedia":[{"embeddable":true,"href":"https:\/\/zonaroja.com.mx\/index.php?rest_route=\/wp\/v2\/media\/78815"}],"wp:attachment":[{"href":"https:\/\/zonaroja.com.mx\/index.php?rest_route=%2Fwp%2Fv2%2Fmedia&parent=78814"}],"wp:term":[{"taxonomy":"category","embeddable":true,"href":"https:\/\/zonaroja.com.mx\/index.php?rest_route=%2Fwp%2Fv2%2Fcategories&post=78814"},{"taxonomy":"post_tag","embeddable":true,"href":"https:\/\/zonaroja.com.mx\/index.php?rest_route=%2Fwp%2Fv2%2Ftags&post=78814"}],"curies":[{"name":"wp","href":"https:\/\/api.w.org\/{rel}","templated":true}]}}