{"id":78819,"date":"2025-03-27T20:17:30","date_gmt":"2025-03-28T02:17:30","guid":{"rendered":"https:\/\/zonaroja.com.mx\/?p=78819"},"modified":"2025-05-12T05:15:46","modified_gmt":"2025-05-12T11:15:46","slug":"el-3-de-abril-mexico-dara-respuesta-integral-a-aranceles-de-eu-sheinbaum","status":"publish","type":"post","link":"https:\/\/zonaroja.com.mx\/?p=78819","title":{"rendered":"El 3 de abril M\u00e9xico dar\u00e1 respuesta integral a aranceles de EU: Sheinbaum"},"content":{"rendered":"\n<p>Redacci\u00f3n\/Zona Roja Cdmx.<\/p>\n\n\n\n<p>Ciudad de M\u00e9xico, a 27 de marzo de 2025.- La presidenta Claudia Sheinbaum Pardo inform\u00f3 que esperar\u00e1 hasta el 3 de abril para dar una respuesta integral de lo que har\u00e1 M\u00e9xico frente a la imposici\u00f3n de aranceles de Estados Unidos.<\/p>\n\n\n\n<p>\u201cNo quiere decir que el 3 de abril se cierran los trabajos con Estados Unidos. Est\u00e1n abiertas las puertas para las pl\u00e1ticas con Estados Unidos\u201d, se\u00f1al\u00f3 en la ma\u00f1anera del pueblo.<\/p>\n\n\n\n<p>Tras el anuncio del presidente Donald Trump de imponer 25 por ciento de aranceles a los autom\u00f3viles que no se produzcan en su pa\u00eds, pidi\u00f3 a la Secretar\u00eda de Econom\u00eda \u201cy al equipo que nos podamos reunir con los directivos globales de las industrias automotrices para ver el alcance de los aranceles, y c\u00f3mo fortalecer esta integraci\u00f3n que tenemos con Estados Unidos\u201d.<\/p>\n\n\n\n<p>Record\u00f3 que la industria automotriz mexicana tiene una integraci\u00f3n muy alta con el pa\u00eds vecino.<\/p>\n\n\n\n<p>\u201cEvidentemente la Presidenta en M\u00e9xico y el gobierno lo que tiene que hacer es defender los empleos y el fortalecimiento de esa industria. Vamos a trabajar en ese sentido, y el 3 de abril estaremos dando una respuesta integral de lo que va a hacer M\u00e9xico frente a esta nueva situaci\u00f3n\u201d.<\/p>\n\n\n\n<p>Consider\u00f3 que M\u00e9xico es \u201cel \u00fanico pa\u00eds que tiene este nivel de comunicaci\u00f3n con el gobierno de Estados Unidos, no solamente con el secretario de Comercio, sino lo que tiene que ver con los tratados comerciales\u201d.<\/p>\n\n\n\n<p>Record\u00f3 que el 2 de abril el presidente Trump dar\u00e1 a conocer el sistema de aranceles que va a proponer a todo el mundo, incluido M\u00e9xico, \u201cpero ayer se adelant\u00f3 y habl\u00f3 de la industria automotriz\u201d.<\/p>\n\n\n\n<p>Destac\u00f3 que en el documento signado por el mandatario hay dos cl\u00e1usulas especiales para los pa\u00edses que son parte del T-MEC, en donde se plantea, entre otros, que el arancel no aplica para las piezas de autom\u00f3viles que cumplan con el acuerdo comercial.<\/p>\n\n\n\n<p>\u201cYo he estado manifestando varias veces que nosotros vamos a dar una respuesta integral a lo que se anunci\u00f3 de acero y aluminio, lo que se anuncia ayer de autom\u00f3viles y lo que van a anunciar el 2 de abril; no queremos dar una respuesta a cada tema sino una respuesta integral\u201d, dijo la mandataria.<\/p>\n\n\n\n<p>\u201cLo primero que tiene que saber el pueblo es que nosotros siempre vamos a proteger a M\u00e9xico, que es nuestra responsabilidad. Nosotros tenemos que defender los empleos que se generan en M\u00e9xico, los que existen y a las empresas mexicanas tambi\u00e9n\u201d.<\/p>\n\n\n\n<p>Es parte, se\u00f1al\u00f3 \u201cde nuestro trabajo fundamental en el desarrollo del pa\u00eds y en la relaci\u00f3n con el gobierno de los Estados Unidos, siempre en el con el principio de defensa de la soberan\u00eda de nuestro pa\u00eds\u201d.<\/p>\n\n\n\n<p>En los Encuentros Regionales se fortalecer\u00e1 la nueva Constituci\u00f3n de Oaxaca con aportaciones de los pueblos originarios, mujeres, migrantes y periodistas<\/p>\n\n\n\n<p>Desde San Pedro y San Pablo Ayutla, distrito Mixe, el coordinador del Grupo Parlamentario de Morena, diputado Benjam\u00edn Viveros Montalvo reafirm\u00f3 su compromiso por integrar las voces de los pueblos ind\u00edgenas, comunidades afromexicanas, personas migrantes oaxaque\u00f1as, mujeres y periodistas en la nueva Constituci\u00f3n Pol\u00edtica de Oaxaca, pues ello responde, dijo, no solo a una necesidad pol\u00edtica, sino a un acto de justicia hist\u00f3rica con esta poblaci\u00f3n.<\/p>\n\n\n\n<p>El representante popular sostuvo que ponderando la inclusi\u00f3n de todos los sectores sociales y, a invitaci\u00f3n de la Comisi\u00f3n Estatal para la Conmemoraci\u00f3n del Bicentenario de la Primera Constituci\u00f3n del Estado Libre y Soberano de Oaxaca junto a las y los legisladores del mismo partido pol\u00edtico acudi\u00f3 a esta demarcaci\u00f3n Mixe, como parte de los encuentros regionales que han sido programados del 27 de marzo al 05 de abril del a\u00f1o en curso en diversas regiones.<\/p>\n\n\n\n<p>Refiri\u00f3 que las sedes en donde se continuar\u00e1 con la realizaci\u00f3n de foros y mesas de trabajo que abonar\u00e1n en la construcci\u00f3n de esta nueva Carta Magna son Santiago Llano Grande el pr\u00f3ximo 29 de marzo con el pueblo afromexicano; con las y los periodistas en Palacio de Gobierno el 02 de abril y con la naci\u00f3n Triqui en Constancia del Rosario, el 03 de abril de 2025.<\/p>\n\n\n\n<p>Sin embargo, se tienen considerados otros eventos de este tipo con mujeres y con la comunidad migrante oaxaque\u00f1a que radica en San Quint\u00edn, Baja California y en San Jos\u00e9 California, Estados Unidos.<\/p>\n\n\n\n<p>En este sentido enfatiz\u00f3 que, en estos espacios de reflexi\u00f3n, compartencia, an\u00e1lisis, participaci\u00f3n ciudadana, deliberaci\u00f3n, consultivos e incluyentes, ser\u00e1n escuchadas e integradas las demandas y propuestas para consolidar un estado m\u00e1s plural y fortalecer la autonom\u00eda y autodeterminaci\u00f3n de los pueblos originarios.<\/p>\n\n\n\n<p>(Informaci\u00f3n de \u201cLa Jornada\u201d)<\/p>\n","protected":false},"excerpt":{"rendered":"<p>Redacci\u00f3n\/Zona Roja Cdmx. Ciudad de M\u00e9xico, a 27 de marzo de 2025.- La presidenta Claudia&hellip;<\/p>\n","protected":false},"author":2,"featured_media":72992,"comment_status":"closed","ping_status":"open","sticky":false,"template":"","format":"standard","meta":{"_lmt_disableupdate":"","_lmt_disable":"","_jetpack_memberships_contains_paid_content":false,"footnotes":""},"categories":[109,47],"tags":[3370],"class_list":["post-78819","post","type-post","status-publish","format-standard","has-post-thumbnail","hentry","category-minuto-a-minuto","category-zona-gris","tag-claudia-sheinbaum"],"jetpack_featured_media_url":"https:\/\/zonaroja.com.mx\/wp-content\/uploads\/2024\/10\/Claudia-Sheinbaum-2.jpg","jetpack_sharing_enabled":true,"_links":{"self":[{"href":"https:\/\/zonaroja.com.mx\/index.php?rest_route=\/wp\/v2\/posts\/78819","targetHints":{"allow":["GET"]}}],"collection":[{"href":"https:\/\/zonaroja.com.mx\/index.php?rest_route=\/wp\/v2\/posts"}],"about":[{"href":"https:\/\/zonaroja.com.mx\/index.php?rest_route=\/wp\/v2\/types\/post"}],"author":[{"embeddable":true,"href":"https:\/\/zonaroja.com.mx\/index.php?rest_route=\/wp\/v2\/users\/2"}],"replies":[{"embeddable":true,"href":"https:\/\/zonaroja.com.mx\/index.php?rest_route=%2Fwp%2Fv2%2Fcomments&post=78819"}],"version-history":[{"count":1,"href":"https:\/\/zonaroja.com.mx\/index.php?rest_route=\/wp\/v2\/posts\/78819\/revisions"}],"predecessor-version":[{"id":78820,"href":"https:\/\/zonaroja.com.mx\/index.php?rest_route=\/wp\/v2\/posts\/78819\/revisions\/78820"}],"wp:featuredmedia":[{"embeddable":true,"href":"https:\/\/zonaroja.com.mx\/index.php?rest_route=\/wp\/v2\/media\/72992"}],"wp:attachment":[{"href":"https:\/\/zonaroja.com.mx\/index.php?rest_route=%2Fwp%2Fv2%2Fmedia&parent=78819"}],"wp:term":[{"taxonomy":"category","embeddable":true,"href":"https:\/\/zonaroja.com.mx\/index.php?rest_route=%2Fwp%2Fv2%2Fcategories&post=78819"},{"taxonomy":"post_tag","embeddable":true,"href":"https:\/\/zonaroja.com.mx\/index.php?rest_route=%2Fwp%2Fv2%2Ftags&post=78819"}],"curies":[{"name":"wp","href":"https:\/\/api.w.org\/{rel}","templated":true}]}}