{"id":7882,"date":"2020-01-21T07:18:44","date_gmt":"2020-01-21T13:18:44","guid":{"rendered":"http:\/\/www.zonaroja.com.mx\/?p=7882"},"modified":"2020-01-21T07:18:47","modified_gmt":"2020-01-21T13:18:47","slug":"la-uabjo-recibio-presupuesto-estatal-para-pagar-quincena-falta-el-federal","status":"publish","type":"post","link":"https:\/\/zonaroja.com.mx\/?p=7882","title":{"rendered":"La UABJO recibi\u00f3 presupuesto estatal para pagar quincena; falta el federal"},"content":{"rendered":"\n<p>Redacci\u00f3n\/Zona Roja.<\/p>\n\n\n\n<p>Oaxaca de Ju\u00e1rez, Oax., 21 de enero de\n2020.- A seis d\u00edas de no poder pagar salarios a m\u00e1s de cuatro mil trabajadores,\nla Universidad Aut\u00f3noma \u201cBenito Ju\u00e1rez\u201d de Oaxaca recibi\u00f3 ayer el 11.23% del\npresupuesto estatal, que corresponde solo a una parte de la primera quincena de\n2020.<\/p>\n\n\n\n<p>Sin embargo, falta el 88.77% de la\nFederaci\u00f3n para poder realizar el pago de la misma, inform\u00f3 a trav\u00e9s de un\ncomunicado.<\/p>\n\n\n\n<p>Expuso que por ello, no se cuenta a\u00fan\ncon el recurso completo para poder efectuar los pagos correspondientes a esta\nprimera quincena de enero, lo que se realizar\u00e1 de forma inmediata en cuanto se\nreciba la parte federal.<\/p>\n\n\n\n<p>El abogado general de la UABJO, H\u00e9ctor\nL\u00f3pez S\u00e1nchez, inform\u00f3 que la cantidad depositada por el Gobierno del Estado es\nde tres millones 851 mil 117.00 pesos, lo cual representa \u00fanicamente el 3.09%\ndel total anual.<\/p>\n\n\n\n<p>Agreg\u00f3 que las autoridades universitarias contin\u00faan con las gestiones para recibir el presupuesto completo de ambos gobiernos y con ello garantizar los salarios de m\u00e1s de cuatro 700 trabajadores y trabajadoras.<\/p>\n\n\n\n<figure class=\"wp-block-image\"><img decoding=\"async\" width=\"640\" height=\"480\" src=\"http:\/\/www.zonaroja.com.mx\/wp-content\/uploads\/2020\/01\/Paro-STEUABJO-2.jpg\" alt=\"\" class=\"wp-image-7884\" srcset=\"https:\/\/zonaroja.com.mx\/wp-content\/uploads\/2020\/01\/Paro-STEUABJO-2.jpg 640w, https:\/\/zonaroja.com.mx\/wp-content\/uploads\/2020\/01\/Paro-STEUABJO-2-300x225.jpg 300w, https:\/\/zonaroja.com.mx\/wp-content\/uploads\/2020\/01\/Paro-STEUABJO-2-585x439.jpg 585w\" sizes=\"(max-width: 640px) 100vw, 640px\" \/><\/figure>\n\n\n\n<p>Dijo que el pago de n\u00f3mina es un\nderecho laboral y por lo tanto no est\u00e1 sujeto a ninguna negociaci\u00f3n. As\u00ed est\u00e1\nentendido y en esos t\u00e9rminos se deber\u00e1 solventar.<\/p>\n\n\n\n<p>Por otra parte, convoc\u00f3 al comit\u00e9\nejecutivo del STEUABJO a regresar a las pl\u00e1ticas para continuar atendiendo los\npuntos de su pliego petitorio, \u201cestamos en la mejor disposici\u00f3n de avanzar en\nlas mesas, para evitar m\u00e1s afectaciones a nuestra casa de estudios\u201d, explic\u00f3.<\/p>\n\n\n\n<p>As\u00ed tambi\u00e9n, reconoci\u00f3 la importancia\nde la atenci\u00f3n del laudo que reclama un grupo de trabajadores. <\/p>\n\n\n\n<p>Sin embargo \u2013dijo-, debe ser atendido\nde manera independiente al pliego petitorio y dependiendo del recurso\nfinanciero para tal fin\u201d.<\/p>\n\n\n\n<p>La Universidad reiter\u00f3a su base\ntrabajadora su total disposici\u00f3n para atender los temas coyunturales y les hace\nun llamado a evitar afectaciones a la ciudadan\u00eda, pues en cuanto se reciban los\nrecursos se har\u00e1 efectivo el pago de la quincena pendiente.<\/p>\n","protected":false},"excerpt":{"rendered":"<p>Redacci\u00f3n\/Zona Roja. Oaxaca de Ju\u00e1rez, Oax., 21 de enero de 2020.- A seis d\u00edas de&hellip;<\/p>\n","protected":false},"author":2,"featured_media":7883,"comment_status":"closed","ping_status":"open","sticky":false,"template":"","format":"standard","meta":{"_lmt_disableupdate":"","_lmt_disable":"","_jetpack_memberships_contains_paid_content":false,"footnotes":""},"categories":[109,47],"tags":[282],"class_list":["post-7882","post","type-post","status-publish","format-standard","has-post-thumbnail","hentry","category-minuto-a-minuto","category-zona-gris","tag-universidad-autonoma-benito-juarez-de-oaxaca"],"jetpack_featured_media_url":"https:\/\/zonaroja.com.mx\/wp-content\/uploads\/2020\/01\/Paro-STEUABJO-1.jpg","jetpack_sharing_enabled":true,"_links":{"self":[{"href":"https:\/\/zonaroja.com.mx\/index.php?rest_route=\/wp\/v2\/posts\/7882","targetHints":{"allow":["GET"]}}],"collection":[{"href":"https:\/\/zonaroja.com.mx\/index.php?rest_route=\/wp\/v2\/posts"}],"about":[{"href":"https:\/\/zonaroja.com.mx\/index.php?rest_route=\/wp\/v2\/types\/post"}],"author":[{"embeddable":true,"href":"https:\/\/zonaroja.com.mx\/index.php?rest_route=\/wp\/v2\/users\/2"}],"replies":[{"embeddable":true,"href":"https:\/\/zonaroja.com.mx\/index.php?rest_route=%2Fwp%2Fv2%2Fcomments&post=7882"}],"version-history":[{"count":1,"href":"https:\/\/zonaroja.com.mx\/index.php?rest_route=\/wp\/v2\/posts\/7882\/revisions"}],"predecessor-version":[{"id":7885,"href":"https:\/\/zonaroja.com.mx\/index.php?rest_route=\/wp\/v2\/posts\/7882\/revisions\/7885"}],"wp:featuredmedia":[{"embeddable":true,"href":"https:\/\/zonaroja.com.mx\/index.php?rest_route=\/wp\/v2\/media\/7883"}],"wp:attachment":[{"href":"https:\/\/zonaroja.com.mx\/index.php?rest_route=%2Fwp%2Fv2%2Fmedia&parent=7882"}],"wp:term":[{"taxonomy":"category","embeddable":true,"href":"https:\/\/zonaroja.com.mx\/index.php?rest_route=%2Fwp%2Fv2%2Fcategories&post=7882"},{"taxonomy":"post_tag","embeddable":true,"href":"https:\/\/zonaroja.com.mx\/index.php?rest_route=%2Fwp%2Fv2%2Ftags&post=7882"}],"curies":[{"name":"wp","href":"https:\/\/api.w.org\/{rel}","templated":true}]}}