{"id":78822,"date":"2025-03-28T07:30:01","date_gmt":"2025-03-28T13:30:01","guid":{"rendered":"https:\/\/zonaroja.com.mx\/?p=78822"},"modified":"2025-03-28T07:41:22","modified_gmt":"2025-03-28T13:41:22","slug":"muere-otra-persona-tras-enfrentamiento-entre-coatlanes-suman-seis","status":"publish","type":"post","link":"https:\/\/zonaroja.com.mx\/?p=78822","title":{"rendered":"Muere otra persona tras enfrentamiento entre Coatlanes; suman seis"},"content":{"rendered":"\n<p>Raymundo Morales\/Zona Roja.<\/p>\n\n\n\n<p>Oaxaca de Ju\u00e1rez, Oax., a 28 de marzo de 2026.- En el quinto d\u00eda del enfrentamiento entre San Francisco y San Sebasti\u00e1n Coatl\u00e1n, falleci\u00f3 otra persona, Valentino Bautista V\u00e1squez, con lo que suman seis v\u00edctimas fatales.<\/p>\n\n\n\n<p>El titular de la Secretar\u00eda de Gobierno, Jes\u00fas Romero L\u00f3pez, confirm\u00f3 ayer el deceso de quien fuera originario de San Francisco Coatl\u00e1n y reiter\u00f3 que no hay disputa agraria en la zona del conflicto, pues hab\u00eda sido al gobierno federal para la construcci\u00f3n de un acceso vial.<\/p>\n\n\n\n<p>Fue el domingo 23 de marzo en que por la disputa de un predio, se enfrentaron a balazos ambas comunidades pertenecientes a la regi\u00f3n Sierra Sur, con saldo inicial de cinco muertos y 11 heridos.<\/p>\n\n\n\n<p>Ayer en el hospital del IMSS de Miahuatl\u00e1n de Porfirio D\u00edaz muri\u00f3 otro comunero, debido a la gravedad de las lesiones; hasta el momento no hay personas detenidas.<\/p>\n\n\n\n<p>\u201cEstamos abiertos a dialogar, ha habido enlace y comunicaci\u00f3n con la autoridad de San Sebasti\u00e1n Coatl\u00e1n; el presidente nos ha buscado, ha tenido una actitud de di\u00e1logo\u201d, dijo Romero L\u00f3pez en la conferencia de prensa de ayer.<\/p>\n\n\n\n<p>Expuso que hay seguridad en la zona y hay seguimiento al caso; \u201cse busca pacificar la franca que estaba malamente en disputa; de San Francisco Coatl\u00e1n se ha mantenido comunicaci\u00f3n con el agente municipal.<\/p>\n\n\n\n<p>\u201cSin embargo no se ha concretado un encuentro; invito a San Francisco Coatl\u00e1n a que podamos hablar, podamos buscar una soluci\u00f3n. La cantidad de madera que hab\u00eda en la zona no val\u00eda la pena tener a seis a seis personas sin vida.<\/p>\n\n\n\n<p>\u201cDe las dos partes no se dimension\u00f3 y hubo much\u00edsima irresponsabilidad y vamos a indagar tambi\u00e9n qu\u00e9 papel tuvo la empresa (constructora), si fue tambi\u00e9n tan displicente como para decirle a la comunidad s\u00ed t\u00fa ve por la madera, t\u00fa c\u00f3rtala; no estoy responsabilizando para a la empresa, sino vamos a citarlos para que nos ayuden a conocer qu\u00e9 papel tuvieron y qu\u00e9 pudo haber generado la confusi\u00f3n\u201d, expuso.<\/p>\n","protected":false},"excerpt":{"rendered":"<p>Raymundo Morales\/Zona Roja. Oaxaca de Ju\u00e1rez, Oax., a 28 de marzo de 2026.- En el&hellip;<\/p>\n","protected":false},"author":2,"featured_media":78698,"comment_status":"closed","ping_status":"open","sticky":false,"template":"","format":"standard","meta":{"_lmt_disableupdate":"","_lmt_disable":"","_jetpack_memberships_contains_paid_content":false,"footnotes":""},"categories":[109,47],"tags":[3486],"class_list":["post-78822","post","type-post","status-publish","format-standard","has-post-thumbnail","hentry","category-minuto-a-minuto","category-zona-gris","tag-san-francisco-coatlan"],"jetpack_featured_media_url":"https:\/\/zonaroja.com.mx\/wp-content\/uploads\/2025\/03\/Enfrentamiento-San-Sebastian-y-San-Francisco-Coatlan.jpg","jetpack_sharing_enabled":true,"_links":{"self":[{"href":"https:\/\/zonaroja.com.mx\/index.php?rest_route=\/wp\/v2\/posts\/78822","targetHints":{"allow":["GET"]}}],"collection":[{"href":"https:\/\/zonaroja.com.mx\/index.php?rest_route=\/wp\/v2\/posts"}],"about":[{"href":"https:\/\/zonaroja.com.mx\/index.php?rest_route=\/wp\/v2\/types\/post"}],"author":[{"embeddable":true,"href":"https:\/\/zonaroja.com.mx\/index.php?rest_route=\/wp\/v2\/users\/2"}],"replies":[{"embeddable":true,"href":"https:\/\/zonaroja.com.mx\/index.php?rest_route=%2Fwp%2Fv2%2Fcomments&post=78822"}],"version-history":[{"count":2,"href":"https:\/\/zonaroja.com.mx\/index.php?rest_route=\/wp\/v2\/posts\/78822\/revisions"}],"predecessor-version":[{"id":78825,"href":"https:\/\/zonaroja.com.mx\/index.php?rest_route=\/wp\/v2\/posts\/78822\/revisions\/78825"}],"wp:featuredmedia":[{"embeddable":true,"href":"https:\/\/zonaroja.com.mx\/index.php?rest_route=\/wp\/v2\/media\/78698"}],"wp:attachment":[{"href":"https:\/\/zonaroja.com.mx\/index.php?rest_route=%2Fwp%2Fv2%2Fmedia&parent=78822"}],"wp:term":[{"taxonomy":"category","embeddable":true,"href":"https:\/\/zonaroja.com.mx\/index.php?rest_route=%2Fwp%2Fv2%2Fcategories&post=78822"},{"taxonomy":"post_tag","embeddable":true,"href":"https:\/\/zonaroja.com.mx\/index.php?rest_route=%2Fwp%2Fv2%2Ftags&post=78822"}],"curies":[{"name":"wp","href":"https:\/\/api.w.org\/{rel}","templated":true}]}}