{"id":78824,"date":"2025-03-28T08:21:28","date_gmt":"2025-03-28T14:21:28","guid":{"rendered":"https:\/\/zonaroja.com.mx\/?p=78824"},"modified":"2025-03-28T08:21:28","modified_gmt":"2025-03-28T14:21:28","slug":"vive-el-istmo-de-tehuantepec-ola-de-asaltos","status":"publish","type":"post","link":"https:\/\/zonaroja.com.mx\/?p=78824","title":{"rendered":"Vive el Istmo de Tehuantepec ola de asaltos\u00a0"},"content":{"rendered":"\n<p>Raymundo Morales\/Zona Roja. Foto: ADN Sureste.<\/p>\n\n\n\n<p>Oaxaca de Ju\u00e1rez, Oax., a 28 de marzo de 2025.- Al menos dos asaltos se registraron ayer en igual n\u00famero de municipios de la regi\u00f3n del Istmo de Tehuantepec, adem\u00e1s de la localizaci\u00f3n de un cuerpo sin vida.<\/p>\n\n\n\n<p>Anoche, un sujeto ingres\u00f3 a roba a la tienda Oxxo ubicada en calzada Tecnol\u00f3gico del municipio de Juchit\u00e1n de Zaragoza.<\/p>\n\n\n\n<p>Sin embargo, al romper el cristal, el delincuente se lesion\u00f3 el brazo, pee a lo cual se apoder\u00f3 de varios art\u00edculos y huy\u00f3 desangr\u00e1ndose; pese a las huellas de sangre, la polic\u00eda no ha logrado localizarlo.<\/p>\n\n\n\n<p>Poco antes, en el municipio de Santo Domingo Tehuantepec se registro un asalto violento a la sucursal bancaria Bancomer, ubicada en el centro de dicha ciudad istme\u00f1a.<\/p>\n\n\n\n<p>Fueron al menos dos sujetos armados que ingresaron al inmueble, amagaron a los cajeros, se apoderaron del dinero y huyeron; no hab\u00eda polic\u00edas en la zona, pese a que la sucursal se encuentra a unos pasos del palacio municipal.<\/p>\n\n\n\n<p>Mientras tanto, en el municipio de Salina Cruz fue localizado un cuerpo sin vida y en estado de putrefacci\u00f3n, cuya v\u00edctima a\u00fan no ha sido identificada, como tampoco la forma en que perdi\u00f3 la vida.<\/p>\n\n\n\n<p>Se localizo a un costado de la carretera federal 200 que va hacia Huatulco, a la altura del kil\u00f3metro 38.<\/p>\n\n\n\n<p>Personal de la Vicefiscal\u00eda Regional del Istmo arrib\u00f3 al sitio para iniciar las indagatorias correspondientes a fin de esclarecer el caso.<\/p>\n","protected":false},"excerpt":{"rendered":"<p>Raymundo Morales\/Zona Roja. Foto: ADN Sureste. Oaxaca de Ju\u00e1rez, Oax., a 28 de marzo de&hellip;<\/p>\n","protected":false},"author":2,"featured_media":78826,"comment_status":"closed","ping_status":"open","sticky":false,"template":"","format":"standard","meta":{"_lmt_disableupdate":"","_lmt_disable":"","_jetpack_memberships_contains_paid_content":false,"footnotes":""},"categories":[109,47],"tags":[503],"class_list":["post-78824","post","type-post","status-publish","format-standard","has-post-thumbnail","hentry","category-minuto-a-minuto","category-zona-gris","tag-asaltos-istmo-de-tehuantepec"],"jetpack_featured_media_url":"https:\/\/zonaroja.com.mx\/wp-content\/uploads\/2025\/03\/Cuerpo-sin-vida-Salina-Cruz.jpeg","jetpack_sharing_enabled":true,"_links":{"self":[{"href":"https:\/\/zonaroja.com.mx\/index.php?rest_route=\/wp\/v2\/posts\/78824","targetHints":{"allow":["GET"]}}],"collection":[{"href":"https:\/\/zonaroja.com.mx\/index.php?rest_route=\/wp\/v2\/posts"}],"about":[{"href":"https:\/\/zonaroja.com.mx\/index.php?rest_route=\/wp\/v2\/types\/post"}],"author":[{"embeddable":true,"href":"https:\/\/zonaroja.com.mx\/index.php?rest_route=\/wp\/v2\/users\/2"}],"replies":[{"embeddable":true,"href":"https:\/\/zonaroja.com.mx\/index.php?rest_route=%2Fwp%2Fv2%2Fcomments&post=78824"}],"version-history":[{"count":1,"href":"https:\/\/zonaroja.com.mx\/index.php?rest_route=\/wp\/v2\/posts\/78824\/revisions"}],"predecessor-version":[{"id":78827,"href":"https:\/\/zonaroja.com.mx\/index.php?rest_route=\/wp\/v2\/posts\/78824\/revisions\/78827"}],"wp:featuredmedia":[{"embeddable":true,"href":"https:\/\/zonaroja.com.mx\/index.php?rest_route=\/wp\/v2\/media\/78826"}],"wp:attachment":[{"href":"https:\/\/zonaroja.com.mx\/index.php?rest_route=%2Fwp%2Fv2%2Fmedia&parent=78824"}],"wp:term":[{"taxonomy":"category","embeddable":true,"href":"https:\/\/zonaroja.com.mx\/index.php?rest_route=%2Fwp%2Fv2%2Fcategories&post=78824"},{"taxonomy":"post_tag","embeddable":true,"href":"https:\/\/zonaroja.com.mx\/index.php?rest_route=%2Fwp%2Fv2%2Ftags&post=78824"}],"curies":[{"name":"wp","href":"https:\/\/api.w.org\/{rel}","templated":true}]}}