{"id":78828,"date":"2025-03-28T09:22:00","date_gmt":"2025-03-28T15:22:00","guid":{"rendered":"https:\/\/zonaroja.com.mx\/?p=78828"},"modified":"2025-03-28T08:24:40","modified_gmt":"2025-03-28T14:24:40","slug":"gana-oaxaquena-concurso-nacional-de-oratoria-organizado-por-el-congreso","status":"publish","type":"post","link":"https:\/\/zonaroja.com.mx\/?p=78828","title":{"rendered":"Gana oaxaque\u00f1a concurso nacional de oratoria organizado por el Congreso"},"content":{"rendered":"\n<p>Redacci\u00f3n\/Zona Roja.<\/p>\n\n\n\n<p>Oaxaca de Ju\u00e1rez, Oax., a 28 de marzo de 2025.- La oaxaque\u00f1a Giscell Gamboa \u00c1vila, de San Sebasti\u00e1n Tutla y abogada de profesi\u00f3n, se coron\u00f3 como la ganadora en la etapa nacional de la edici\u00f3n XXIII del Certamen de Oratoria \u201cLic. Benito Ju\u00e1rez Garc\u00eda 2025&#8243;, realizado en la sede del Poder Legislativo de Oaxaca.<\/p>\n\n\n\n<p>Con el t\u00edtulo \u201cLa mujer y su participaci\u00f3n en el M\u00e9xico actual\u201d, la oradora desarroll\u00f3 magistralmente su intervenci\u00f3n, haciendo una remembranza del libro \u201cEl invencible verano de Liliana\u201d, de la escritora mexicana ganadora del Pulitzer, Cristina Rivera, quien aborda en esta obra el feminicidio de su hermana.<\/p>\n\n\n\n<p>Gamboa \u00c1vila demostr\u00f3 un buen desenvolvimiento esc\u00e9nico, ecuanimidad, claridad de expresi\u00f3n, conocimiento del tema y facilidad de palabra, elementos que el Jurado Calificador consider\u00f3 claves para que fuera la galardonada con el primer sitio.<\/p>\n\n\n\n<p>El segundo lugar fue para Adolfo Hern\u00e1ndez Hern\u00e1ndez, de Tzompantepec, Tlaxcala, quien desarroll\u00f3 el tema \u201cLa literatura latinoamericana actual\u201d, dando muestra de elocuencia, expresi\u00f3n corporal y capacidad de improvisaci\u00f3n.<\/p>\n\n\n\n<p>Mientras que, la tercera posici\u00f3n fue para Carlos Garc\u00eda Dorantes, de Aguascalientes, \u00e9l abord\u00f3 el concepto de \u201cLiderazgo estrat\u00e9gico y sus impactos en el \u00e1mbito empresarial\u201d, dando un mensaje original que impact\u00f3 al auditorio por su agilidad de expresi\u00f3n y un discurso con apertura, conclusiones y ejemplos.<\/p>\n\n\n\n<p>Las y los galardonados en esta etapa fueron acreedores a un diploma y premios econ\u00f3micos de 15 mil pesos para el tercer lugar, 20 mil pesos al segundo lugar y 30 mil pesos al primer lugar.<\/p>\n\n\n\n<p>La fase final estuvo conformada por una terna de seis participantes de los estados de Baja California Sur, Nuevo Le\u00f3n, Oaxaca y Aguascalientes; en total, el n\u00famero de juventudes inscritas en esta categor\u00eda fue de 19 concursantes de 19 a 29 a\u00f1os, quienes expusieron temas relaciones con las Migraciones, Violencia de G\u00e9nero, Las Fosas Clandestinas, Educaci\u00f3n y Diversidad Cultural, Benito Ju\u00e1rez y Porfirio D\u00edaz Figuras Paradigm\u00e1ticas en M\u00e9xico, principalmente.<\/p>\n\n\n\n<p>Como presidenta del Jurado Calificador y tambi\u00e9n ganadora de cert\u00e1menes de oratoria, Flor Nallely San Juan Z\u00e1rate, resalt\u00f3 la importancia de usar la palabra en favor de la transformaci\u00f3n, ya que es una herramienta de liderazgo y empoderamiento que se encarga del crecimiento y el desarrollo de M\u00e9xico.<\/p>\n\n\n\n<p>Tambi\u00e9n hizo un llamado a la ni\u00f1ez y juventud para que, a trav\u00e9s de la oratoria persigan la libertad, la justicia y la democracia.<\/p>\n\n\n\n<p>Al clausurar el evento, el presidente de la Junta de Coordinaci\u00f3n Pol\u00edtica (Jucopo), Benjam\u00edn Viveros Montalvo, se\u00f1al\u00f3 que la juventud es la clave de nuestra sociedad para transformar al pa\u00eds, y que es necesario que existan este tipo de encuentros, para que se impongan con sus mensajes llenos de pasi\u00f3n y elocuencia, pues a trav\u00e9s de la palabra se puede cambiar a M\u00e9xico.<\/p>\n\n\n\n<p>A la ceremonia de premiaci\u00f3n asistieron las diputadas de la Comisi\u00f3n Permanente de Educaci\u00f3n, Ciencia, Tecnolog\u00eda e Innovaci\u00f3n, Mar\u00eda Francisca Antonio Santiago, como Presidenta, as\u00ed como Irma Pineda Santiago y Tania L\u00f3pez L\u00f3pez integrantes de la misma.<\/p>\n\n\n\n<p>En este contexto la Banda de M\u00fasica Infantil y Juvenil de Santa Mar\u00eda Tlahuitoltepec \u201cPoj Suun\u201d conformada por 45 ni\u00f1as, ni\u00f1os y adolescentes fue acreedora por parte de la Sexag\u00e9sima Sexta Legislatura del Congreso del Estado, de atriles para una lectura c\u00f3moda y facilidad de desempe\u00f1o en la interpretaci\u00f3n musical con instrumentos de viento.<\/p>\n","protected":false},"excerpt":{"rendered":"<p>Redacci\u00f3n\/Zona Roja. Oaxaca de Ju\u00e1rez, Oax., a 28 de marzo de 2025.- La oaxaque\u00f1a Giscell&hellip;<\/p>\n","protected":false},"author":2,"featured_media":78829,"comment_status":"closed","ping_status":"open","sticky":false,"template":"","format":"standard","meta":{"_lmt_disableupdate":"","_lmt_disable":"","_jetpack_memberships_contains_paid_content":false,"footnotes":""},"categories":[109,46],"tags":[303],"class_list":["post-78828","post","type-post","status-publish","format-standard","has-post-thumbnail","hentry","category-minuto-a-minuto","category-zona-blanca","tag-congreso-del-estado-de-oaxaca"],"jetpack_featured_media_url":"https:\/\/zonaroja.com.mx\/wp-content\/uploads\/2025\/03\/Ganadora-del-Primer-Lugar.jpeg","jetpack_sharing_enabled":true,"_links":{"self":[{"href":"https:\/\/zonaroja.com.mx\/index.php?rest_route=\/wp\/v2\/posts\/78828","targetHints":{"allow":["GET"]}}],"collection":[{"href":"https:\/\/zonaroja.com.mx\/index.php?rest_route=\/wp\/v2\/posts"}],"about":[{"href":"https:\/\/zonaroja.com.mx\/index.php?rest_route=\/wp\/v2\/types\/post"}],"author":[{"embeddable":true,"href":"https:\/\/zonaroja.com.mx\/index.php?rest_route=\/wp\/v2\/users\/2"}],"replies":[{"embeddable":true,"href":"https:\/\/zonaroja.com.mx\/index.php?rest_route=%2Fwp%2Fv2%2Fcomments&post=78828"}],"version-history":[{"count":1,"href":"https:\/\/zonaroja.com.mx\/index.php?rest_route=\/wp\/v2\/posts\/78828\/revisions"}],"predecessor-version":[{"id":78830,"href":"https:\/\/zonaroja.com.mx\/index.php?rest_route=\/wp\/v2\/posts\/78828\/revisions\/78830"}],"wp:featuredmedia":[{"embeddable":true,"href":"https:\/\/zonaroja.com.mx\/index.php?rest_route=\/wp\/v2\/media\/78829"}],"wp:attachment":[{"href":"https:\/\/zonaroja.com.mx\/index.php?rest_route=%2Fwp%2Fv2%2Fmedia&parent=78828"}],"wp:term":[{"taxonomy":"category","embeddable":true,"href":"https:\/\/zonaroja.com.mx\/index.php?rest_route=%2Fwp%2Fv2%2Fcategories&post=78828"},{"taxonomy":"post_tag","embeddable":true,"href":"https:\/\/zonaroja.com.mx\/index.php?rest_route=%2Fwp%2Fv2%2Ftags&post=78828"}],"curies":[{"name":"wp","href":"https:\/\/api.w.org\/{rel}","templated":true}]}}