{"id":78843,"date":"2025-03-29T07:38:00","date_gmt":"2025-03-29T13:38:00","guid":{"rendered":"https:\/\/zonaroja.com.mx\/?p=78843"},"modified":"2025-03-29T07:42:42","modified_gmt":"2025-03-29T13:42:42","slug":"llegan-a-la-zona-mixe-foros-sobre-nueva-constitucion","status":"publish","type":"post","link":"https:\/\/zonaroja.com.mx\/?p=78843","title":{"rendered":"Llegan a la zona Mixe foros sobre nueva Constituci\u00f3n\u00a0"},"content":{"rendered":"\n<p>Redacci\u00f3n\/Zona Roja.<\/p>\n\n\n\n<p>Oaxaca de Ju\u00e1rez, Oax., a 29 de marzo de 2026.- Desde San Pedro y San Pablo Ayutla, distrito Mixe, el coordinador del Grupo Parlamentario de Morena, diputado Benjam\u00edn Viveros Montalvo, reafirm\u00f3 su compromiso por integrar las voces de los pueblos ind\u00edgenas, comunidades afromexicanas, personas migrantes oaxaque\u00f1as, mujeres y periodistas en la nueva Constituci\u00f3n Pol\u00edtica de Oaxaca, pues ello responde, dijo, no solo a una necesidad pol\u00edtica, sino a un acto de justicia hist\u00f3rica con esta poblaci\u00f3n.<\/p>\n\n\n\n<p>El representante popular sostuvo que ponderando la inclusi\u00f3n de todos los sectores sociales y, a invitaci\u00f3n de la Comisi\u00f3n Estatal para la Conmemoraci\u00f3n del Bicentenario de la Primera Constituci\u00f3n del Estado Libre y Soberano de Oaxaca junto a las y los legisladores del mismo partido pol\u00edtico acudi\u00f3 a esta demarcaci\u00f3n Mixe, como parte de los encuentros regionales que han sido programados del 27 de marzo al 05 de abril del a\u00f1o en curso en diversas regiones.<\/p>\n\n\n\n<p>Refiri\u00f3 que las sedes en donde se continuar\u00e1 con la realizaci\u00f3n de foros y mesas de trabajo que abonar\u00e1n en la construcci\u00f3n de esta nueva Carta Magna son Santiago Llano Grande el pr\u00f3ximo 29 de marzo con el pueblo afromexicano; con las y los periodistas en Palacio de Gobierno el 02 de abril y con la naci\u00f3n Triqui en Constancia del Rosario, el 03 de abril de 2025.<\/p>\n\n\n\n<p>Sin embargo, se tienen considerados otros eventos de este tipo con mujeres y con la comunidad migrante oaxaque\u00f1a que radica en San Quint\u00edn, Baja California y en San Jos\u00e9 California, Estados Unidos.<\/p>\n\n\n\n<p>En este sentido enfatiz\u00f3 que, en estos espacios de reflexi\u00f3n, compartencia, an\u00e1lisis, participaci\u00f3n ciudadana, deliberaci\u00f3n, consultivos e incluyentes, ser\u00e1n escuchadas e integradas las demandas y propuestas para consolidar un estado m\u00e1s plural y fortalecer la autonom\u00eda y autodeterminaci\u00f3n de los pueblos originarios.<\/p>\n","protected":false},"excerpt":{"rendered":"<p>Redacci\u00f3n\/Zona Roja. Oaxaca de Ju\u00e1rez, Oax., a 29 de marzo de 2026.- Desde San Pedro&hellip;<\/p>\n","protected":false},"author":2,"featured_media":78844,"comment_status":"closed","ping_status":"open","sticky":false,"template":"","format":"standard","meta":{"_lmt_disableupdate":"","_lmt_disable":"","_jetpack_memberships_contains_paid_content":false,"footnotes":""},"categories":[109,46],"tags":[3664],"class_list":["post-78843","post","type-post","status-publish","format-standard","has-post-thumbnail","hentry","category-minuto-a-minuto","category-zona-blanca","tag-benjamin-viveros-montalvo"],"jetpack_featured_media_url":"https:\/\/zonaroja.com.mx\/wp-content\/uploads\/2025\/03\/Encuentros-Regionales-nueva-Constitucion-en-Ayutla-Mixe-5.jpeg","jetpack_sharing_enabled":true,"_links":{"self":[{"href":"https:\/\/zonaroja.com.mx\/index.php?rest_route=\/wp\/v2\/posts\/78843","targetHints":{"allow":["GET"]}}],"collection":[{"href":"https:\/\/zonaroja.com.mx\/index.php?rest_route=\/wp\/v2\/posts"}],"about":[{"href":"https:\/\/zonaroja.com.mx\/index.php?rest_route=\/wp\/v2\/types\/post"}],"author":[{"embeddable":true,"href":"https:\/\/zonaroja.com.mx\/index.php?rest_route=\/wp\/v2\/users\/2"}],"replies":[{"embeddable":true,"href":"https:\/\/zonaroja.com.mx\/index.php?rest_route=%2Fwp%2Fv2%2Fcomments&post=78843"}],"version-history":[{"count":2,"href":"https:\/\/zonaroja.com.mx\/index.php?rest_route=\/wp\/v2\/posts\/78843\/revisions"}],"predecessor-version":[{"id":78865,"href":"https:\/\/zonaroja.com.mx\/index.php?rest_route=\/wp\/v2\/posts\/78843\/revisions\/78865"}],"wp:featuredmedia":[{"embeddable":true,"href":"https:\/\/zonaroja.com.mx\/index.php?rest_route=\/wp\/v2\/media\/78844"}],"wp:attachment":[{"href":"https:\/\/zonaroja.com.mx\/index.php?rest_route=%2Fwp%2Fv2%2Fmedia&parent=78843"}],"wp:term":[{"taxonomy":"category","embeddable":true,"href":"https:\/\/zonaroja.com.mx\/index.php?rest_route=%2Fwp%2Fv2%2Fcategories&post=78843"},{"taxonomy":"post_tag","embeddable":true,"href":"https:\/\/zonaroja.com.mx\/index.php?rest_route=%2Fwp%2Fv2%2Ftags&post=78843"}],"curies":[{"name":"wp","href":"https:\/\/api.w.org\/{rel}","templated":true}]}}