{"id":78853,"date":"2025-03-28T19:04:29","date_gmt":"2025-03-29T01:04:29","guid":{"rendered":"https:\/\/zonaroja.com.mx\/?p=78853"},"modified":"2025-03-28T19:04:31","modified_gmt":"2025-03-29T01:04:31","slug":"alumna-del-cobao-denuncia-violencia-feministas-oaxaca-exige-castigo","status":"publish","type":"post","link":"https:\/\/zonaroja.com.mx\/?p=78853","title":{"rendered":"Alumna del Cobao denuncia violencia; Feministas Oaxaca exige castigo"},"content":{"rendered":"\n<p>Ismael Garc\u00eda M.\/Zona Roja.<\/p>\n\n\n\n<p>Oaxaca de Ju\u00e1rez, Oax., a 28 de marzo de 2026.- Una alumna del grupo 240 del Colegio de Bachilleres del Estado de Oaxaca (Cobao), plantel Pueblo Nuevo, denunci\u00f3 violencia y acoso en su contra, por lo cual pidi\u00f3 ser cambiada de grupo.<\/p>\n\n\n\n<p>\u201cEn el transcurso de mi formaci\u00f3n escolar ante la presente instituci\u00f3n, he sido v\u00edctima de \u00b4bullyng\u00b4por parte del alumnado de este Colegio, situaci\u00f3n que me ha afectado psicol\u00f3gicamente\u201d, expuso E. M. J., en un escrito con fecha 27 de marzo de este a\u00f1o.<\/p>\n\n\n\n<p>\u201cReitero, situaci\u00f3n que me afecta emocionalmente al grado de ya no querer asistir a clases por las burlas que recibo mismas que han mermado mi desempe\u00f1o y autoestima, ya que las palabras con las que se dirigen hacia m\u00ed, me han afectado\u201d, detall\u00f3.<\/p>\n\n\n\n<p>Present\u00f3 diversas evidencias, incluyendo perfiles en redes sociales, donde se le ha violentado y se comparten ademas im\u00e1genes con contenido sexual, por lo cual pide que se tomen medidas pertinentes en contra de sus compa\u00f1eros, adem\u00e1s de que se le cambie de turno.<\/p>\n\n\n\n<p>\u201cDesde Feministas Oaxaca repudiamos todas las violencias contra mujeres, ni\u00f1as y adolescentes y hacemos un llamado en\u00e9rgico a la Directora General de Colegio de Bachilleres del Estado de Oaxaca, Ang\u00e9lica Garc\u00eda P\u00e9rez, para que tome medidas inmediatas para proteger a las alumnas del Cobao\u201d, emiti\u00f3 por su parte el colectivo.<\/p>\n\n\n\n<p>Record\u00f3 que tambi\u00e9n han se\u00f1alado a Giovanni Rojas Pacheco como acosador&nbsp; cuando estuvo como Director del Instituto de Capacitaci\u00f3n y Productividad para el Trabajo (Icapet) y que hoy es el director Acad\u00e9mico del Colegio de Bachilleres del Estado de Oaxaca \u201cy que de ninguna manera debe estar cerca de las alumnas.<\/p>\n\n\n\n<p>\u201cTanto Ang\u00e9lica Garc\u00eda P\u00e9rez y Miguel Angel Vicente V\u00e1squez saben qui\u00e9nes son los alumnos&nbsp;y maestros que comparten el contenido sexual de las alumnas y los protegen\u201d, expuso.<\/p>\n\n\n\n<p>Demand\u00f3 activar un protocolo de actuaci\u00f3n, sanci\u00f3n y erradicaci\u00f3n de la violencia en contra de las alumnas del Cobao; destituci\u00f3n del director del plantel Pueblo Nuevo, Miguel \u00c1ngel Vicente V\u00e1squez, as\u00ed como del director Acad\u00e9mico.<\/p>\n","protected":false},"excerpt":{"rendered":"<p>Ismael Garc\u00eda M.\/Zona Roja. Oaxaca de Ju\u00e1rez, Oax., a 28 de marzo de 2026.- Una&hellip;<\/p>\n","protected":false},"author":2,"featured_media":78854,"comment_status":"closed","ping_status":"open","sticky":false,"template":"","format":"standard","meta":{"_lmt_disableupdate":"","_lmt_disable":"","_jetpack_memberships_contains_paid_content":false,"footnotes":""},"categories":[109,47],"tags":[4261,2883],"class_list":["post-78853","post","type-post","status-publish","format-standard","has-post-thumbnail","hentry","category-minuto-a-minuto","category-zona-gris","tag-angelica-garcia-perez","tag-colegio-de-bachilleres-de-oaxaca-cobao"],"jetpack_featured_media_url":"https:\/\/zonaroja.com.mx\/wp-content\/uploads\/2025\/03\/Denuncia-violencia-Cobao.jpg","jetpack_sharing_enabled":true,"_links":{"self":[{"href":"https:\/\/zonaroja.com.mx\/index.php?rest_route=\/wp\/v2\/posts\/78853","targetHints":{"allow":["GET"]}}],"collection":[{"href":"https:\/\/zonaroja.com.mx\/index.php?rest_route=\/wp\/v2\/posts"}],"about":[{"href":"https:\/\/zonaroja.com.mx\/index.php?rest_route=\/wp\/v2\/types\/post"}],"author":[{"embeddable":true,"href":"https:\/\/zonaroja.com.mx\/index.php?rest_route=\/wp\/v2\/users\/2"}],"replies":[{"embeddable":true,"href":"https:\/\/zonaroja.com.mx\/index.php?rest_route=%2Fwp%2Fv2%2Fcomments&post=78853"}],"version-history":[{"count":1,"href":"https:\/\/zonaroja.com.mx\/index.php?rest_route=\/wp\/v2\/posts\/78853\/revisions"}],"predecessor-version":[{"id":78855,"href":"https:\/\/zonaroja.com.mx\/index.php?rest_route=\/wp\/v2\/posts\/78853\/revisions\/78855"}],"wp:featuredmedia":[{"embeddable":true,"href":"https:\/\/zonaroja.com.mx\/index.php?rest_route=\/wp\/v2\/media\/78854"}],"wp:attachment":[{"href":"https:\/\/zonaroja.com.mx\/index.php?rest_route=%2Fwp%2Fv2%2Fmedia&parent=78853"}],"wp:term":[{"taxonomy":"category","embeddable":true,"href":"https:\/\/zonaroja.com.mx\/index.php?rest_route=%2Fwp%2Fv2%2Fcategories&post=78853"},{"taxonomy":"post_tag","embeddable":true,"href":"https:\/\/zonaroja.com.mx\/index.php?rest_route=%2Fwp%2Fv2%2Ftags&post=78853"}],"curies":[{"name":"wp","href":"https:\/\/api.w.org\/{rel}","templated":true}]}}