{"id":78856,"date":"2025-03-28T20:22:04","date_gmt":"2025-03-29T02:22:04","guid":{"rendered":"https:\/\/zonaroja.com.mx\/?p=78856"},"modified":"2025-03-28T20:22:06","modified_gmt":"2025-03-29T02:22:06","slug":"inedita-retencion-de-pasajeros-por-mas-de-12-horas-en-via-rapida-a-la-costa","status":"publish","type":"post","link":"https:\/\/zonaroja.com.mx\/?p=78856","title":{"rendered":"In\u00e9dita retenci\u00f3n de pasajeros, por m\u00e1s de 12 horas, en v\u00eda r\u00e1pida a la Costa"},"content":{"rendered":"\n<p>Ismael Garc\u00eda M.\/Zona Roja.<\/p>\n\n\n\n<p>Oaxaca de Ju\u00e1rez, Oax., a 28 de marzo de 2025.- M\u00e1s de 100 pasajeros cumplieron 12 horas de espera en la supercarretera Oaxaca-Puerto Escondido, tramo Barranca Larga-Ventanilla, debido a un conflicto en la zona de los Coatlanes.<\/p>\n\n\n\n<p>Sin embargo, pese a las evidencias y denuncias en redes sociales como Facebook por parte de los afectados, la Secretar\u00eda de Gobierno (Sego) desminti\u00f3 que haya retenciones y que los usuarios han podido regresar o continuar su destino.<\/p>\n\n\n\n<p>Fue desde la ma\u00f1ana de este viernes en que transportistas, pobladores y autoridades de diversas comunidades de la microrregi\u00f3n Coatl\u00e1n se apoderaron de la caseta de peaje, para exigir una reuni\u00f3n con Caminos y Puentes Federales (Capufe).<\/p>\n\n\n\n<p>Ello para exigir que las unidades del servicio p\u00fablico con las que cuentan no paguen el peaje correspondiente; asimismo, que se limite el tr\u00e1nsito a los autobuses de la l\u00ednea ADO.<\/p>\n\n\n\n<p>Sim embargo, al no alcanzarse acuerdos, hasta esta noche mantienen en su poder la caseta de cobro y dan paso libre, con una cuota propia, a los automovilistas y transportistas, con excepci\u00f3n de dicha l\u00ednea.<\/p>\n\n\n\n<p>Seg\u00fan los usuarios de ADO, han sido tratados con violencia cuando algunos quer\u00edan descender y cambiar de transporte; incluso a un chofer lo golpearon.<\/p>\n\n\n\n<p>\u201cTratamos de ayudar a varios y le golpearon al chofer. Luego cargan su pinche machete. A una se\u00f1ora grande que se baj\u00f3 del ADO la golpearon. As\u00ed que saca r\u00e1pido a tu hermana de ah\u00ed. Esos idiotas son tercos. Aaa y luego no muestran la cara. Algunos est\u00e1n tapados\u201d, son martes de los mensajes difundidos.<\/p>\n\n\n\n<p>LA VERSI\u00d3N OFICIAL<\/p>\n\n\n\n<p>Por su parte, en un comunicado, la Secretar\u00eda de Gobierno inform\u00f3 que se mantiene el libre tr\u00e1nsito de veh\u00edculos particulares y de l\u00edneas transportistas \u201cen la protesta que realiza un grupo de aproximadamente 100 transportistas procedentes de los Coatlanes, en la autopista Barranca Larga-Ventanilla, a la altura de la caseta de cobro n\u00famero 225\u201d.&nbsp;<\/p>\n\n\n\n<p>\u201cDesde la ma\u00f1ana de este viernes, el grupo inconforme llev\u00f3 a cabo una manifestaci\u00f3n, derivada de un presunto incumplimiento de acuerdos previos con la empresa ADO, y por lo cual se ha permitido el tr\u00e1nsito sin el cobro del respectivo peaje.<\/p>\n\n\n\n<p>\u201cA lo largo de la protesta, los autobuses de la empresa ADO han optado por detenerse en un paradero cercano en la agencia de Barranca Larga y evitan acercarse a los manifestantes, en tanto, las personas pasajeras de estas unidades han continuado su trayecto a sus destinos mediante otros medios de transporte.&nbsp;<\/p>\n\n\n\n<p>\u201cInicialmente, se estableci\u00f3 una mesa de di\u00e1logo entre los transportistas de los Coatlanes y representantes de Caminos y Puentes Federales de Ingresos y Servicios Conexos (Capufe), sin embargo, esta fue suspendida y las partes se mantienen a la espera de su reanudaci\u00f3n.<\/p>\n\n\n\n<p>\u201cAl momento, la caseta contin\u00faa bajo el control de los manifestantes, en consecuencia, los autobuses de ADO han emprendido su regreso a la ciudad de Oaxaca, y otras unidades permanecen en espera de instrucciones por parte de la empresa, sin que exista retenci\u00f3n de las unidades, ni de personas pasajeras\u201d.<\/p>\n","protected":false},"excerpt":{"rendered":"<p>Ismael Garc\u00eda M.\/Zona Roja. Oaxaca de Ju\u00e1rez, Oax., a 28 de marzo de 2025.- M\u00e1s&hellip;<\/p>\n","protected":false},"author":2,"featured_media":78857,"comment_status":"closed","ping_status":"open","sticky":false,"template":"","format":"standard","meta":{"_lmt_disableupdate":"","_lmt_disable":"","_jetpack_memberships_contains_paid_content":false,"footnotes":""},"categories":[109,47],"tags":[1442],"class_list":["post-78856","post","type-post","status-publish","format-standard","has-post-thumbnail","hentry","category-minuto-a-minuto","category-zona-gris","tag-supercarretera-oaxaca-costa-coatlan"],"jetpack_featured_media_url":"https:\/\/zonaroja.com.mx\/wp-content\/uploads\/2025\/03\/Autobuses-ADO-retenidos-supercarretera-Costa.jpg","jetpack_sharing_enabled":true,"_links":{"self":[{"href":"https:\/\/zonaroja.com.mx\/index.php?rest_route=\/wp\/v2\/posts\/78856","targetHints":{"allow":["GET"]}}],"collection":[{"href":"https:\/\/zonaroja.com.mx\/index.php?rest_route=\/wp\/v2\/posts"}],"about":[{"href":"https:\/\/zonaroja.com.mx\/index.php?rest_route=\/wp\/v2\/types\/post"}],"author":[{"embeddable":true,"href":"https:\/\/zonaroja.com.mx\/index.php?rest_route=\/wp\/v2\/users\/2"}],"replies":[{"embeddable":true,"href":"https:\/\/zonaroja.com.mx\/index.php?rest_route=%2Fwp%2Fv2%2Fcomments&post=78856"}],"version-history":[{"count":1,"href":"https:\/\/zonaroja.com.mx\/index.php?rest_route=\/wp\/v2\/posts\/78856\/revisions"}],"predecessor-version":[{"id":78858,"href":"https:\/\/zonaroja.com.mx\/index.php?rest_route=\/wp\/v2\/posts\/78856\/revisions\/78858"}],"wp:featuredmedia":[{"embeddable":true,"href":"https:\/\/zonaroja.com.mx\/index.php?rest_route=\/wp\/v2\/media\/78857"}],"wp:attachment":[{"href":"https:\/\/zonaroja.com.mx\/index.php?rest_route=%2Fwp%2Fv2%2Fmedia&parent=78856"}],"wp:term":[{"taxonomy":"category","embeddable":true,"href":"https:\/\/zonaroja.com.mx\/index.php?rest_route=%2Fwp%2Fv2%2Fcategories&post=78856"},{"taxonomy":"post_tag","embeddable":true,"href":"https:\/\/zonaroja.com.mx\/index.php?rest_route=%2Fwp%2Fv2%2Ftags&post=78856"}],"curies":[{"name":"wp","href":"https:\/\/api.w.org\/{rel}","templated":true}]}}