{"id":7886,"date":"2020-01-21T07:27:27","date_gmt":"2020-01-21T13:27:27","guid":{"rendered":"http:\/\/www.zonaroja.com.mx\/?p=7886"},"modified":"2020-01-21T07:27:30","modified_gmt":"2020-01-21T13:27:30","slug":"tras-darla-de-alta-el-hospital-regresa-la-saxofonista-maria-elena-a-oaxaca","status":"publish","type":"post","link":"https:\/\/zonaroja.com.mx\/?p=7886","title":{"rendered":"Tras darla de alta el hospital, regresa la saxofonista Mar\u00eda Elena a Oaxaca"},"content":{"rendered":"\n<p>Redacci\u00f3n\/Zona Roja Cdmx.<\/p>\n\n\n\n<p>Ciudad de M\u00e9xico, 21 de enero de 2020.-\nLa joven Mar\u00eda Elena R\u00edos Ortiz, saxofonista atacada con \u00e1cido el pasado 9 de\nseptiembre en Huajuapan de Le\u00f3n, Oaxaca, fue dada de alta este lunes despu\u00e9s de\ncuatro meses de estar hospitalizada.<\/p>\n\n\n\n<p>De acuerdo con informaci\u00f3n del diario \u201cEl\nUniversal\u201d, luego de salir del Centro Nacional de Investigaci\u00f3n y Atenci\u00f3n a\nQuemados de la Ciudad de M\u00e9xico, la joven viaj\u00f3, junto con su familia, a Oaxaca\nde Ju\u00e1rez, donde permanecer\u00e1 por un mes hasta su pr\u00f3xima revisi\u00f3n especializada\nen la capital del pa\u00eds.<\/p>\n\n\n\n<p>Seg\u00fan detall\u00f3 a la familia, ahora\ninicia el segundo proceso de la recuperaci\u00f3n, sin embargo, temen que la joven\nno sea ayudada en \u00e9ste.<\/p>\n\n\n\n<p>Al centro especializado en quemados, la\nsaxofonista de 26 a\u00f1os de edad ingres\u00f3 el pasado 13 de diciembre y ah\u00ed\npermaneci\u00f3 poco m\u00e1s de un mes, tiempo en el que fueron detenidos los dos\nautores materiales del ataque, report\u00f3 \u201cEl Universal\u201d.<\/p>\n\n\n\n<p>Adem\u00e1s, la Fiscal\u00eda General de Oaxaca\nsostiene que la investigaci\u00f3n ya est\u00e1 completa, sin embargo, no puede relevar\ndetalles ni el estatus de Juan Vera Carrizal, exdiputado local, se\u00f1alado por la\nfamilia de Mar\u00eda Elena como el autor intelectual del ataque.<\/p>\n","protected":false},"excerpt":{"rendered":"<p>Redacci\u00f3n\/Zona Roja Cdmx. Ciudad de M\u00e9xico, 21 de enero de 2020.- La joven Mar\u00eda Elena&hellip;<\/p>\n","protected":false},"author":2,"featured_media":6653,"comment_status":"closed","ping_status":"open","sticky":false,"template":"","format":"standard","meta":{"_lmt_disableupdate":"","_lmt_disable":"","_jetpack_memberships_contains_paid_content":false,"footnotes":""},"categories":[109,47],"tags":[1124],"class_list":["post-7886","post","type-post","status-publish","format-standard","has-post-thumbnail","hentry","category-minuto-a-minuto","category-zona-gris","tag-maria-elena-rios-ortiz"],"jetpack_featured_media_url":"https:\/\/zonaroja.com.mx\/wp-content\/uploads\/2019\/12\/SSO-01-2.jpg","jetpack_sharing_enabled":true,"_links":{"self":[{"href":"https:\/\/zonaroja.com.mx\/index.php?rest_route=\/wp\/v2\/posts\/7886","targetHints":{"allow":["GET"]}}],"collection":[{"href":"https:\/\/zonaroja.com.mx\/index.php?rest_route=\/wp\/v2\/posts"}],"about":[{"href":"https:\/\/zonaroja.com.mx\/index.php?rest_route=\/wp\/v2\/types\/post"}],"author":[{"embeddable":true,"href":"https:\/\/zonaroja.com.mx\/index.php?rest_route=\/wp\/v2\/users\/2"}],"replies":[{"embeddable":true,"href":"https:\/\/zonaroja.com.mx\/index.php?rest_route=%2Fwp%2Fv2%2Fcomments&post=7886"}],"version-history":[{"count":1,"href":"https:\/\/zonaroja.com.mx\/index.php?rest_route=\/wp\/v2\/posts\/7886\/revisions"}],"predecessor-version":[{"id":7887,"href":"https:\/\/zonaroja.com.mx\/index.php?rest_route=\/wp\/v2\/posts\/7886\/revisions\/7887"}],"wp:featuredmedia":[{"embeddable":true,"href":"https:\/\/zonaroja.com.mx\/index.php?rest_route=\/wp\/v2\/media\/6653"}],"wp:attachment":[{"href":"https:\/\/zonaroja.com.mx\/index.php?rest_route=%2Fwp%2Fv2%2Fmedia&parent=7886"}],"wp:term":[{"taxonomy":"category","embeddable":true,"href":"https:\/\/zonaroja.com.mx\/index.php?rest_route=%2Fwp%2Fv2%2Fcategories&post=7886"},{"taxonomy":"post_tag","embeddable":true,"href":"https:\/\/zonaroja.com.mx\/index.php?rest_route=%2Fwp%2Fv2%2Ftags&post=7886"}],"curies":[{"name":"wp","href":"https:\/\/api.w.org\/{rel}","templated":true}]}}