{"id":78866,"date":"2025-03-29T10:00:00","date_gmt":"2025-03-29T16:00:00","guid":{"rendered":"https:\/\/zonaroja.com.mx\/?p=78866"},"modified":"2025-03-29T07:22:58","modified_gmt":"2025-03-29T13:22:58","slug":"violencia-no-cede-en-sinaloa-12-muertos-en-las-ultimas-horas","status":"publish","type":"post","link":"https:\/\/zonaroja.com.mx\/?p=78866","title":{"rendered":"Ola de violencia en Sinaloa deja 14 muertos en un d\u00eda"},"content":{"rendered":"\n<p>Redacci\u00f3n\/Zona Roja Cdmx.<\/p>\n\n\n\n<p>Ciudad de M\u00e9xico, a 29 de marzo de 2026.- La ola de violencia en Culiac\u00e1n, Concordia y Mazatl\u00e1n dej\u00f3 14 personas muertas en un d\u00eda. En la capital del estado incluy\u00f3 balaceras, robo y quema de veh\u00edculos, casas tiroteadas, as\u00ed como ciudadanos privados de la libertad, inform\u00f3 ayer la Secretar\u00eda de Seguridad P\u00fablica (SSP) de Sinaloa.<\/p>\n\n\n\n<p>Especific\u00f3 que la fiscal\u00eda estatal abri\u00f3 10 carpetas de investigaci\u00f3n por el delito de homicidios dolosos en Culiac\u00e1n, cometidos el jueves en las colonias Huizaches, L\u00e1zaro C\u00e1rdenas, 21 de Marzo, Las Gotas, Villas del Real, el poblado El Tomo y en la carretera M\u00e9xico 15.<\/p>\n\n\n\n<p>De igual forma indic\u00f3 que dos cuerpos fueron hallados en un auto en el municipio de Concordia y otros dos, en Mazatl\u00e1n, tambi\u00e9n estaban en un coche abandonado.<\/p>\n\n\n\n<p>La vocera de la SSP, Verona Hern\u00e1ndez, explic\u00f3 en rueda de prensa que el primer reporte de enfrentamiento se gener\u00f3 en la colonia L\u00e1zaro C\u00e1rdenas, donde dos casas fueron vandalizadas y quemadas. La Fiscal\u00eda General de la Rep\u00fablica les coloc\u00f3 sellos de aseguramiento.<\/p>\n\n\n\n<p>Lo anterior, dijo, deriv\u00f3 en agresiones contra efectivos militares, balaceras y homicidios en los alrededores; aunque no confirm\u00f3 si \u00e9stos tuvieron relaci\u00f3n.<\/p>\n\n\n\n<p>Dijo que la Unidad Especializada en Robo de Veh\u00edculos registr\u00f3 diez denuncias por el delito de hurto de autos, mientras la fiscal\u00eda estatal recibi\u00f3 tres, por desaparici\u00f3n forzada de personas cometida por particulares.<\/p>\n\n\n\n<p>Datos del Secretariado Ejecutivo estatal de Seguridad refirieron que de septiembre de 2024 a febrero de 2025 (tiempo que tiene el enfrentamiento entre Los Mayitos y Los Chapitos) los homicidios dolosos suman 913; 3 mil 336 robos de veh\u00edculos y mil 242 personas privadas de la libertad en Culiac\u00e1n y sus alrededores.<\/p>\n\n\n\n<p>EN BAJA CALIFORNIA<\/p>\n\n\n\n<p>En un hotel de Ensenada, Baja California, fue asesinado un hombre identificado como Gail Toys, hermano de un YouTuber de Sinaloa.<\/p>\n\n\n\n<p>La v\u00edctima recibi\u00f3 15 impactos de bala en t\u00f3rax y est\u00f3mago al salir del hotel \u201cVilla Marina\u201d del puerto bajacaliforniano.&nbsp;<\/p>\n\n\n\n<p>Se trata de Jes\u00fas Gail Castro C\u00e1rdenas, de 32 a\u00f1os de edad, originario de Culiac\u00e1n, Sinaloa, quien era hermano de \u201cMarkitos Toys\u201d. Ambos se encuentran en un p\u00f3ster donde se se\u00f1ala a varias personas p\u00fablicas de pertenecer al Cartel de los \u201cSapitos\u00bb.<\/p>\n\n\n\n<p>El asesinato se produjo en este exclusivo hotel ubicado en la carretera Ensenada a Tijuana, a la altura de El Sauzal, a donde Gail Castro acudi\u00f3 a comer en el restaurante del lugar que cuenta con vista al mar.<\/p>\n\n\n\n<p>EN JALISCO<\/p>\n\n\n\n<p>En Jalisco, dos mujeres fueron agredidas a balazos, una muri\u00f3 y otra est\u00e1 grave. Mientras, el cuerpo de una persona del sexo femenino encontrado en una fosa clandestina de la ex hacienda de San Bernardo, en Lagos de Moreno, fue identificado por sus familiares.<\/p>\n\n\n\n<p>La herida de gravedad es lideresa de comerciantes del centro hist\u00f3rico de Guadalajara, quien cerca de la medianoche del jueves fue atacada en su domicilio por cuatro hombres que intentaron secuestrarla, pero al oponerse le dispararon en la cabeza.<\/p>\n\n\n\n<p>(Informaci\u00f3n de \u201cLa Jornada\u201d)<\/p>\n\n\n\n<p><\/p>\n","protected":false},"excerpt":{"rendered":"<p>Redacci\u00f3n\/Zona Roja Cdmx. Ciudad de M\u00e9xico, a 29 de marzo de 2026.- La ola de&hellip;<\/p>\n","protected":false},"author":2,"featured_media":75692,"comment_status":"closed","ping_status":"open","sticky":false,"template":"","format":"standard","meta":{"_lmt_disableupdate":"","_lmt_disable":"","_jetpack_memberships_contains_paid_content":false,"footnotes":""},"categories":[109,51],"tags":[1789],"class_list":["post-78866","post","type-post","status-publish","format-standard","has-post-thumbnail","hentry","category-minuto-a-minuto","category-zona-roja","tag-enfrentamientos-sinaloa"],"jetpack_featured_media_url":"https:\/\/zonaroja.com.mx\/wp-content\/uploads\/2024\/12\/policia-estatal-sinaloa-violencia.jpg.webp","jetpack_sharing_enabled":true,"_links":{"self":[{"href":"https:\/\/zonaroja.com.mx\/index.php?rest_route=\/wp\/v2\/posts\/78866","targetHints":{"allow":["GET"]}}],"collection":[{"href":"https:\/\/zonaroja.com.mx\/index.php?rest_route=\/wp\/v2\/posts"}],"about":[{"href":"https:\/\/zonaroja.com.mx\/index.php?rest_route=\/wp\/v2\/types\/post"}],"author":[{"embeddable":true,"href":"https:\/\/zonaroja.com.mx\/index.php?rest_route=\/wp\/v2\/users\/2"}],"replies":[{"embeddable":true,"href":"https:\/\/zonaroja.com.mx\/index.php?rest_route=%2Fwp%2Fv2%2Fcomments&post=78866"}],"version-history":[{"count":2,"href":"https:\/\/zonaroja.com.mx\/index.php?rest_route=\/wp\/v2\/posts\/78866\/revisions"}],"predecessor-version":[{"id":78875,"href":"https:\/\/zonaroja.com.mx\/index.php?rest_route=\/wp\/v2\/posts\/78866\/revisions\/78875"}],"wp:featuredmedia":[{"embeddable":true,"href":"https:\/\/zonaroja.com.mx\/index.php?rest_route=\/wp\/v2\/media\/75692"}],"wp:attachment":[{"href":"https:\/\/zonaroja.com.mx\/index.php?rest_route=%2Fwp%2Fv2%2Fmedia&parent=78866"}],"wp:term":[{"taxonomy":"category","embeddable":true,"href":"https:\/\/zonaroja.com.mx\/index.php?rest_route=%2Fwp%2Fv2%2Fcategories&post=78866"},{"taxonomy":"post_tag","embeddable":true,"href":"https:\/\/zonaroja.com.mx\/index.php?rest_route=%2Fwp%2Fv2%2Ftags&post=78866"}],"curies":[{"name":"wp","href":"https:\/\/api.w.org\/{rel}","templated":true}]}}