{"id":78868,"date":"2025-03-29T08:30:00","date_gmt":"2025-03-29T14:30:00","guid":{"rendered":"https:\/\/zonaroja.com.mx\/?p=78868"},"modified":"2025-03-29T07:03:39","modified_gmt":"2025-03-29T13:03:39","slug":"insiste-arzobispo-en-su-llamado-a-la-paz-en-oaxaca","status":"publish","type":"post","link":"https:\/\/zonaroja.com.mx\/?p=78868","title":{"rendered":"Insiste Arzobispo en su llamado a la paz en Oaxaca"},"content":{"rendered":"\n<p>Raymundo Morales\/Zona Roja.<\/p>\n\n\n\n<p>Oaxaca de Ju\u00e1rez, Oax., a 29 de marzo de 2025.- Durante su mensaje con motivo del D\u00eda de Samaritana, el Arzobispo de Antequera Oaxaca, Pedro V\u00e1zquez Villalobos, insisti\u00f3 en su llamado a la paz:<\/p>\n\n\n\n<p>\u201cSi pienso en nuestro Oaxaca, necesitamos que nuestros pueblos se reconcilien, para que ya no haya enfrentamientos. Para que ya no haya pugnas, para que ya no haya muertes, como las que sucedieron hace unos d\u00edas\u201d.<\/p>\n\n\n\n<p>Esto dijo ayer en la explanada del templo Sangre de Cristo, en el Andador Tur\u00edstico de la capital, donde presidi\u00f3 la inauguraci\u00f3n de la tradicional festividad oaxaque\u00f1a, en que se regala agua de sabores, as\u00ed como nieves, a la gente en general.<\/p>\n\n\n\n<p>Ello en referencia a los recientes hechos de violencia, como el registrado el pasado domingo entre San Francisco Coatl\u00e1n y San Vicente Coatl\u00e1n, que ha dejado como saldo seis personas fallecidas por disparos de arma de fuego y una decena de lesionadas.<\/p>\n\n\n\n<p>\u201cNecesitamos vivir reconciliados, necesitamos vivir en paz. El Se\u00f1or Jes\u00fas llen\u00f3 de paz a la samaritana porque le hizo sentir su amor. Ll\u00e9nata de paz y haz que los dem\u00e1s experimenten la paz por el amor que t\u00fa les regalas. Ve al encuentro con tus semejantes\u201d, expres\u00f3 el representante de la iglesia Cat\u00f3lica.<\/p>\n\n\n\n<p>V\u00e1zquez Villalobos concluy\u00f3 su mensaje con la bendici\u00f3n de las aguas frescas de los puestos ubicados frente al templo y que fue iniciativa de empresas y organismos civiles.<\/p>\n\n\n\n<p>Apenas el pasado domingo, durante su homil\u00eda en la Catedral, el Arzobispo de Antequera hizo tambi\u00e9n un llamado a la paz entre los pueblos, tras los acontecimientos en la regi\u00f3n de la Sierra Sur.<\/p>\n\n\n\n<p>Dijo que las venganzas \u00fanicamente traen dolor y muerte en los oaxaque\u00f1os y convoc\u00f3 a dejar el uso de las armas para evitar tragedias.<\/p>\n\n\n\n<figure class=\"wp-block-embed is-type-rich is-provider-twitter wp-block-embed-twitter\"><div class=\"wp-block-embed__wrapper\">\n<div class=\"twitter-tweet\"><blockquote class=\"twitter-tweet\" data-lang=\"es\"><p lang=\"es\" dir=\"ltr\">\u201cSi pienso en nuestro <a href=\"https:\/\/twitter.com\/hashtag\/Oaxaca?src=hash&amp;ref_src=twsrc%5Etfw\">#Oaxaca<\/a>, necesitamos que nuestros pueblos se reconcilien, para que ya no haya enfrentamientos. Para que ya no haya pugnas, para que ya no haya muertes, como las que sucedieron hace unos d\u00edas\u201d.<br><br>El mensaje del Arzobispo de Antequera Oaxaca, Pedro V\u00e1zquez\u2026 <a href=\"https:\/\/t.co\/4BYuK0O52l\">pic.twitter.com\/4BYuK0O52l<\/a><\/p>&mdash; Zona Roja Oaxaca (@ZonaRoja_Oaxaca) <a href=\"https:\/\/twitter.com\/ZonaRoja_Oaxaca\/status\/1905699222944616931?ref_src=twsrc%5Etfw\">28 de marzo de 2025<\/a><\/blockquote><\/div>\n<\/div><\/figure>\n","protected":false},"excerpt":{"rendered":"<p>Raymundo Morales\/Zona Roja. Oaxaca de Ju\u00e1rez, Oax., a 29 de marzo de 2025.- Durante su&hellip;<\/p>\n","protected":false},"author":2,"featured_media":78872,"comment_status":"closed","ping_status":"open","sticky":false,"template":"","format":"standard","meta":{"_lmt_disableupdate":"","_lmt_disable":"","_jetpack_memberships_contains_paid_content":false,"footnotes":""},"categories":[109,46],"tags":[992],"class_list":["post-78868","post","type-post","status-publish","format-standard","has-post-thumbnail","hentry","category-minuto-a-minuto","category-zona-blanca","tag-arzobispo-de-antequera-oaxaca"],"jetpack_featured_media_url":"https:\/\/zonaroja.com.mx\/wp-content\/uploads\/2025\/03\/Arzobispo-Antequera-Oaxaca.jpg","jetpack_sharing_enabled":true,"_links":{"self":[{"href":"https:\/\/zonaroja.com.mx\/index.php?rest_route=\/wp\/v2\/posts\/78868","targetHints":{"allow":["GET"]}}],"collection":[{"href":"https:\/\/zonaroja.com.mx\/index.php?rest_route=\/wp\/v2\/posts"}],"about":[{"href":"https:\/\/zonaroja.com.mx\/index.php?rest_route=\/wp\/v2\/types\/post"}],"author":[{"embeddable":true,"href":"https:\/\/zonaroja.com.mx\/index.php?rest_route=\/wp\/v2\/users\/2"}],"replies":[{"embeddable":true,"href":"https:\/\/zonaroja.com.mx\/index.php?rest_route=%2Fwp%2Fv2%2Fcomments&post=78868"}],"version-history":[{"count":1,"href":"https:\/\/zonaroja.com.mx\/index.php?rest_route=\/wp\/v2\/posts\/78868\/revisions"}],"predecessor-version":[{"id":78873,"href":"https:\/\/zonaroja.com.mx\/index.php?rest_route=\/wp\/v2\/posts\/78868\/revisions\/78873"}],"wp:featuredmedia":[{"embeddable":true,"href":"https:\/\/zonaroja.com.mx\/index.php?rest_route=\/wp\/v2\/media\/78872"}],"wp:attachment":[{"href":"https:\/\/zonaroja.com.mx\/index.php?rest_route=%2Fwp%2Fv2%2Fmedia&parent=78868"}],"wp:term":[{"taxonomy":"category","embeddable":true,"href":"https:\/\/zonaroja.com.mx\/index.php?rest_route=%2Fwp%2Fv2%2Fcategories&post=78868"},{"taxonomy":"post_tag","embeddable":true,"href":"https:\/\/zonaroja.com.mx\/index.php?rest_route=%2Fwp%2Fv2%2Ftags&post=78868"}],"curies":[{"name":"wp","href":"https:\/\/api.w.org\/{rel}","templated":true}]}}