{"id":78886,"date":"2025-03-29T14:10:00","date_gmt":"2025-03-29T20:10:00","guid":{"rendered":"https:\/\/zonaroja.com.mx\/?p=78886"},"modified":"2025-03-29T08:11:23","modified_gmt":"2025-03-29T14:11:23","slug":"trabaja-sectur-oaxaca-con-camaras-y-asociaciones-por-desarrollo-de-huatulco","status":"publish","type":"post","link":"https:\/\/zonaroja.com.mx\/?p=78886","title":{"rendered":"Trabaja Sectur Oaxaca con c\u00e1maras y asociaciones por desarrollo de Huatulco"},"content":{"rendered":"\n<p>Redacci\u00f3n\/Zona Roja.&nbsp;<\/p>\n\n\n\n<p>Oaxaca de Ju\u00e1rez, Oax., a 28 de marzo de 2025.- La secretaria de Turismo, Saymi Pineda Velasco encabez\u00f3 una reuni\u00f3n con autoridades municipales y presidentes de c\u00e1maras empresariales y civiles, para intensificar las acciones que permitan ubicar a Huatulco como uno de los destinos preferidos por las personas visitantes en los mercados nacional e internacional.<\/p>\n\n\n\n<p>La funcionaria destac\u00f3 que en el Gobierno que encabeza Salom\u00f3n Jara Cruz se trabaja para lograr el desarrollo integral y sustentable de este centro vacacional, para posicionarlo como uno de los principales destinos de Oaxaca, M\u00e9xico y a nivel global, por lo que se suman esfuerzos con la federaci\u00f3n para la revisi\u00f3n de proyectos de desarrollo y promoci\u00f3n tur\u00edstica en este destino.<\/p>\n\n\n\n<p>En esta reuni\u00f3n, el presidente Municipal de Santa Mar\u00eda Huatulco, Julio C\u00e1rdenas Ortega explic\u00f3 que se ha logrado el arribo de vuelos desde Guatemala con TAG Airlines; y derivado de los acuerdos tomados en la Vitrina Tur\u00edstica ANATO 2025 de Colombia, se analiz\u00f3 la viabilidad de conexi\u00f3n a\u00e9rea, as\u00ed como la atracci\u00f3n de m\u00e1s turistas de ese pa\u00eds.<\/p>\n\n\n\n<p>A estos trabajos se sum\u00f3 el director del Centro Integralmente Planeado (CIP) Huatulco, Lorenzo Lavariega Arista, as\u00ed como las y los dirigentes de c\u00e1maras empresariales, organizaciones civiles y representantes de turismo n\u00e1utico, entre los que destacan: Asociaci\u00f3n de Hoteles de Huatulco; Promotores y Hoteleros Tur\u00edsticos de la Costa de Oaxaca A. C. (Prohotur); C\u00e1mara Nacional de la Industria de Restaurantes y Alimentos Condimentados (Canirac) delegaci\u00f3n Huatulco, entre otros.<\/p>\n\n\n\n<p>Pineda Velasco dijo que este impulso permitir\u00e1 mejorar los ingresos y la derrama econ\u00f3mica en los diferentes sectores sociales, as\u00ed como de las familias huatulque\u00f1as, ya que a la par de la preservaci\u00f3n de la riqueza natural, el turismo debe ser un motor de desarrollo y bienestar social.<\/p>\n\n\n\n<p>\u201cSeguimos avanzando de la mano con los sectores productivos y las autoridades municipales para lograr el bienestar de las familias\u201d, dijo.<\/p>\n\n\n\n<p>En un trabajo conjunto con las c\u00e1maras, organizaciones empresariales, las y los hoteleros, prestadores de servicios, as\u00ed como autoridades municipales y organismos civiles, Huatulco se convertir\u00e1 en un referente del turismo en Oaxaca.<\/p>\n","protected":false},"excerpt":{"rendered":"<p>Redacci\u00f3n\/Zona Roja.&nbsp; Oaxaca de Ju\u00e1rez, Oax., a 28 de marzo de 2025.- La secretaria de&hellip;<\/p>\n","protected":false},"author":2,"featured_media":78887,"comment_status":"closed","ping_status":"open","sticky":false,"template":"","format":"standard","meta":{"_lmt_disableupdate":"","_lmt_disable":"","_jetpack_memberships_contains_paid_content":false,"footnotes":""},"categories":[109,46],"tags":[1031],"class_list":["post-78886","post","type-post","status-publish","format-standard","has-post-thumbnail","hentry","category-minuto-a-minuto","category-zona-blanca","tag-secretaria-de-turismo-oaxaca"],"jetpack_featured_media_url":"https:\/\/zonaroja.com.mx\/wp-content\/uploads\/2025\/03\/Trabaja-Sectur-Oaxaca-con-camaras-y-asociaciones-para-impulsar-el-desarrollo-de-Huatulco.jpeg","jetpack_sharing_enabled":true,"_links":{"self":[{"href":"https:\/\/zonaroja.com.mx\/index.php?rest_route=\/wp\/v2\/posts\/78886","targetHints":{"allow":["GET"]}}],"collection":[{"href":"https:\/\/zonaroja.com.mx\/index.php?rest_route=\/wp\/v2\/posts"}],"about":[{"href":"https:\/\/zonaroja.com.mx\/index.php?rest_route=\/wp\/v2\/types\/post"}],"author":[{"embeddable":true,"href":"https:\/\/zonaroja.com.mx\/index.php?rest_route=\/wp\/v2\/users\/2"}],"replies":[{"embeddable":true,"href":"https:\/\/zonaroja.com.mx\/index.php?rest_route=%2Fwp%2Fv2%2Fcomments&post=78886"}],"version-history":[{"count":1,"href":"https:\/\/zonaroja.com.mx\/index.php?rest_route=\/wp\/v2\/posts\/78886\/revisions"}],"predecessor-version":[{"id":78888,"href":"https:\/\/zonaroja.com.mx\/index.php?rest_route=\/wp\/v2\/posts\/78886\/revisions\/78888"}],"wp:featuredmedia":[{"embeddable":true,"href":"https:\/\/zonaroja.com.mx\/index.php?rest_route=\/wp\/v2\/media\/78887"}],"wp:attachment":[{"href":"https:\/\/zonaroja.com.mx\/index.php?rest_route=%2Fwp%2Fv2%2Fmedia&parent=78886"}],"wp:term":[{"taxonomy":"category","embeddable":true,"href":"https:\/\/zonaroja.com.mx\/index.php?rest_route=%2Fwp%2Fv2%2Fcategories&post=78886"},{"taxonomy":"post_tag","embeddable":true,"href":"https:\/\/zonaroja.com.mx\/index.php?rest_route=%2Fwp%2Fv2%2Ftags&post=78886"}],"curies":[{"name":"wp","href":"https:\/\/api.w.org\/{rel}","templated":true}]}}