{"id":78889,"date":"2025-03-29T16:11:00","date_gmt":"2025-03-29T22:11:00","guid":{"rendered":"https:\/\/zonaroja.com.mx\/?p=78889"},"modified":"2025-03-29T08:12:48","modified_gmt":"2025-03-29T14:12:48","slug":"propone-diputado-ley-para-garantizar-una-alimentacion-adecuada-y-sostenible","status":"publish","type":"post","link":"https:\/\/zonaroja.com.mx\/?p=78889","title":{"rendered":"Propone diputado ley para garantizar una alimentaci\u00f3n adecuada y sostenible"},"content":{"rendered":"\n<p>Redacci\u00f3n\/Zona Roja.<\/p>\n\n\n\n<p>Oaxaca de Ju\u00e1rez, Oax., a 29 de marzo de 2025.- Para garantizar el derecho a la alimentaci\u00f3n mediante el consumo de productos nutritivos, suficientes y de calidad conforme al contexto cultural de la entidad, el presidente de la Junta de Coordinaci\u00f3n Pol\u00edtica (Jucopo) de la LXVI Legislatura Local, diputado Benjam\u00edn Viveros Montalvo present\u00f3 al Pleno la iniciativa de Ley de Alimentaci\u00f3n Adecuada y Sostenible del Estado y Municipios de Oaxaca.<\/p>\n\n\n\n<p>Con la expedici\u00f3n de la ley local en materia alimentaci\u00f3n adecuada, la legislatura en funciones dar\u00eda cumplimiento al principio de legalidad consagrado en el art\u00edculo 2 de la Constituci\u00f3n Pol\u00edtica de Oaxaca.<\/p>\n\n\n\n<p>Esta ordenanza explic\u00f3 el promovente busca combatir la desnutrici\u00f3n que provoca bajo peso, talla inadecuada y limitaciones para una vida saludable, as\u00ed como la obesidad y sobrepeso, principalmente en ni\u00f1as, ni\u00f1os y adolescentes, derivados de una alimentaci\u00f3n desequilibrada que incrementan los riesgos de mortandad o enfermedades cardiovasculares.<\/p>\n\n\n\n<p>En el contexto de la Sesi\u00f3n Ordinaria, el legislador se\u00f1al\u00f3 que esta propuesta est\u00e1 basada en los 100 puntos y la Estrategia Alimentaria de la Presidenta de M\u00e9xico, Claudia Sheinbaum Pardo, por ello, extern\u00f3 a sus hom\u00f3logas y hom\u00f3logas que de ser aprobada la reforma se estar\u00e1 haciendo frente a las problem\u00e1ticas y medioambientales que afectan a las ocho regiones del estado, siempre con una perspectiva de dignidad, equidad y calidad alimentaria.<\/p>\n\n\n\n<p>Inform\u00f3 que con esta reforma se establecen mecanismos de coordinaci\u00f3n gubernamental con los sectores p\u00fablico, social y privado, para fomentar actividades agropecuarias sostenibles mediante la preservaci\u00f3n del agua, la biodiversidad y los ecosistemas.<\/p>\n\n\n\n<p>Tambi\u00e9n se promueve la comercializaci\u00f3n de las canastas de alimentos regionales, lo que detonar\u00e1 el desarrollo econ\u00f3mico y favorecer\u00e1 los ingresos para las familias oaxaque\u00f1as.&nbsp;<\/p>\n\n\n\n<p>Asimismo, en los espacios p\u00fablicos y escuelas se evitar\u00e1 el consumo de productos preenvasados que excedan los l\u00edmites de az\u00facares a\u00f1adidos, grasas saturadas, sodio y los dem\u00e1s elementos nocivos para la salud de las personas. Sin dejar a un lado el derecho de toda persona a acceder a informaci\u00f3n nutricional con pertinencia cultural, veraz, oportuna, comprensible, accesible y de calidad para la toma de decisiones alimentarias saludables.<\/p>\n\n\n\n<p>\u201cLa alimentaci\u00f3n es una necesidad b\u00e1sica para la subsistencia humana y es indispensable para el desarrollo integral de las comunidades\u201d, subray\u00f3.<\/p>\n\n\n\n<p>Precis\u00f3 que la iniciativa se fundamenta en el art\u00edculo 4 de la Constituci\u00f3n Pol\u00edtica de M\u00e9xico y en la Ley General de la Alimentaci\u00f3n Adecuada y Sostenible aprobada en 2024 por el Senado de la Rep\u00fablica y el Congreso de la Uni\u00f3n.<\/p>\n\n\n\n<p>La iniciativa con Proyecto de Decreto fue turnada por la Mesa Directiva para su estudio y dictamen a las Comisiones Permanentes Unidas de Fomento Agroalimentario y Desarrollo Rural; y de Salud. &nbsp;<\/p>\n","protected":false},"excerpt":{"rendered":"<p>Redacci\u00f3n\/Zona Roja. Oaxaca de Ju\u00e1rez, Oax., a 29 de marzo de 2025.- Para garantizar el&hellip;<\/p>\n","protected":false},"author":2,"featured_media":78890,"comment_status":"closed","ping_status":"open","sticky":false,"template":"","format":"standard","meta":{"_lmt_disableupdate":"","_lmt_disable":"","_jetpack_memberships_contains_paid_content":false,"footnotes":""},"categories":[109,46],"tags":[3664],"class_list":["post-78889","post","type-post","status-publish","format-standard","has-post-thumbnail","hentry","category-minuto-a-minuto","category-zona-blanca","tag-benjamin-viveros-montalvo"],"jetpack_featured_media_url":"https:\/\/zonaroja.com.mx\/wp-content\/uploads\/2025\/03\/Dip.-Benjamin-Viveros_Presentando-Iniciativa.jpg","jetpack_sharing_enabled":true,"_links":{"self":[{"href":"https:\/\/zonaroja.com.mx\/index.php?rest_route=\/wp\/v2\/posts\/78889","targetHints":{"allow":["GET"]}}],"collection":[{"href":"https:\/\/zonaroja.com.mx\/index.php?rest_route=\/wp\/v2\/posts"}],"about":[{"href":"https:\/\/zonaroja.com.mx\/index.php?rest_route=\/wp\/v2\/types\/post"}],"author":[{"embeddable":true,"href":"https:\/\/zonaroja.com.mx\/index.php?rest_route=\/wp\/v2\/users\/2"}],"replies":[{"embeddable":true,"href":"https:\/\/zonaroja.com.mx\/index.php?rest_route=%2Fwp%2Fv2%2Fcomments&post=78889"}],"version-history":[{"count":1,"href":"https:\/\/zonaroja.com.mx\/index.php?rest_route=\/wp\/v2\/posts\/78889\/revisions"}],"predecessor-version":[{"id":78891,"href":"https:\/\/zonaroja.com.mx\/index.php?rest_route=\/wp\/v2\/posts\/78889\/revisions\/78891"}],"wp:featuredmedia":[{"embeddable":true,"href":"https:\/\/zonaroja.com.mx\/index.php?rest_route=\/wp\/v2\/media\/78890"}],"wp:attachment":[{"href":"https:\/\/zonaroja.com.mx\/index.php?rest_route=%2Fwp%2Fv2%2Fmedia&parent=78889"}],"wp:term":[{"taxonomy":"category","embeddable":true,"href":"https:\/\/zonaroja.com.mx\/index.php?rest_route=%2Fwp%2Fv2%2Fcategories&post=78889"},{"taxonomy":"post_tag","embeddable":true,"href":"https:\/\/zonaroja.com.mx\/index.php?rest_route=%2Fwp%2Fv2%2Ftags&post=78889"}],"curies":[{"name":"wp","href":"https:\/\/api.w.org\/{rel}","templated":true}]}}