{"id":78892,"date":"2025-03-29T20:54:07","date_gmt":"2025-03-30T02:54:07","guid":{"rendered":"https:\/\/zonaroja.com.mx\/?p=78892"},"modified":"2025-03-29T20:54:09","modified_gmt":"2025-03-30T02:54:09","slug":"protestan-en-oaxaca-contra-privatizacion-de-espacios-publicos","status":"publish","type":"post","link":"https:\/\/zonaroja.com.mx\/?p=78892","title":{"rendered":"Protestan en Oaxaca contra privatizaci\u00f3n de espacios p\u00fablicos"},"content":{"rendered":"\n<p>Redacci\u00f3n\/Estado 20.<\/p>\n\n\n\n<p>Oaxaca de Ju\u00e1rez, Oax., a 29 de marzo de 2025.- Fot\u00f3grafos, camar\u00f3grafos y diversos creadores de contenidos, protestaron este s\u00e1bado en la explanada de Santo Domingo de Guzm\u00e1n de la capital, ante la decisi\u00f3n del municipio de Oaxaca de Ju\u00e1rez que preside Raymundo Chagoya de cobrar por filmaciones o toma de fotos en espacios p\u00fablicos.<\/p>\n\n\n\n<p>Durante su pronunciamiento, los inconformes advirtieron que no van a permitir que los espacios p\u00fablicos de Oaxaca se privaticen pues son espacios que las y los oaxaque\u00f1os tienen derecho a disfrutar.<\/p>\n\n\n\n<p>Dijeron que esta inconformidad deriv\u00f3, luego de que inspectores municipales fueran video grabados, prohibiendo el uso de la fotograf\u00eda a un grupo de ciudadanos a quienes les dec\u00edan que necesitaban un permiso de las autoridades municipales para poder grabar.<\/p>\n\n\n\n<p>Posteriormente, se\u00f1alaron que esta situaci\u00f3n fue confirmada por el municipio de Oaxaca de Ju\u00e1rez que, a trav\u00e9s de un comunicado, inform\u00f3 que no estaba prohibido tomar fotograf\u00edas en el centro de la ciudad; pero que en caso de fotograf\u00edas o videos con fines comerciales, s\u00ed se deb\u00eda pagar un permiso.<\/p>\n\n\n\n<p>Por lo anterior, los fot\u00f3grafos de Oaxaca v\u00eda redes sociales convocaron a la ciudadan\u00eda en general a participar hoy s\u00e1bado en una protesta en el andador tur\u00edstico contra esta medida en donde realizaron una sesi\u00f3n masiva de fotograf\u00edas con el fin de mostrar su inconformidad.<\/p>\n\n\n\n<p>Durante su protesta, los inconformes cuestionaron como s\u00ed se permite a personas extranjeras o for\u00e1neas, hacer fotos y videos en la ciudad sin que nadie los moleste o les exija pagar un permiso o un impuesto.<\/p>\n","protected":false},"excerpt":{"rendered":"<p>Redacci\u00f3n\/Estado 20. Oaxaca de Ju\u00e1rez, Oax., a 29 de marzo de 2025.- Fot\u00f3grafos, camar\u00f3grafos y&hellip;<\/p>\n","protected":false},"author":2,"featured_media":78893,"comment_status":"closed","ping_status":"open","sticky":false,"template":"","format":"standard","meta":{"_lmt_disableupdate":"","_lmt_disable":"","_jetpack_memberships_contains_paid_content":false,"footnotes":""},"categories":[109,47],"tags":[148],"class_list":["post-78892","post","type-post","status-publish","format-standard","has-post-thumbnail","hentry","category-minuto-a-minuto","category-zona-gris","tag-oaxaca-de-juarez"],"jetpack_featured_media_url":"https:\/\/zonaroja.com.mx\/wp-content\/uploads\/2025\/03\/Protesta-fotografos-Oaxaca.jpeg","jetpack_sharing_enabled":true,"_links":{"self":[{"href":"https:\/\/zonaroja.com.mx\/index.php?rest_route=\/wp\/v2\/posts\/78892","targetHints":{"allow":["GET"]}}],"collection":[{"href":"https:\/\/zonaroja.com.mx\/index.php?rest_route=\/wp\/v2\/posts"}],"about":[{"href":"https:\/\/zonaroja.com.mx\/index.php?rest_route=\/wp\/v2\/types\/post"}],"author":[{"embeddable":true,"href":"https:\/\/zonaroja.com.mx\/index.php?rest_route=\/wp\/v2\/users\/2"}],"replies":[{"embeddable":true,"href":"https:\/\/zonaroja.com.mx\/index.php?rest_route=%2Fwp%2Fv2%2Fcomments&post=78892"}],"version-history":[{"count":1,"href":"https:\/\/zonaroja.com.mx\/index.php?rest_route=\/wp\/v2\/posts\/78892\/revisions"}],"predecessor-version":[{"id":78894,"href":"https:\/\/zonaroja.com.mx\/index.php?rest_route=\/wp\/v2\/posts\/78892\/revisions\/78894"}],"wp:featuredmedia":[{"embeddable":true,"href":"https:\/\/zonaroja.com.mx\/index.php?rest_route=\/wp\/v2\/media\/78893"}],"wp:attachment":[{"href":"https:\/\/zonaroja.com.mx\/index.php?rest_route=%2Fwp%2Fv2%2Fmedia&parent=78892"}],"wp:term":[{"taxonomy":"category","embeddable":true,"href":"https:\/\/zonaroja.com.mx\/index.php?rest_route=%2Fwp%2Fv2%2Fcategories&post=78892"},{"taxonomy":"post_tag","embeddable":true,"href":"https:\/\/zonaroja.com.mx\/index.php?rest_route=%2Fwp%2Fv2%2Ftags&post=78892"}],"curies":[{"name":"wp","href":"https:\/\/api.w.org\/{rel}","templated":true}]}}