{"id":78898,"date":"2025-03-30T08:39:00","date_gmt":"2025-03-30T14:39:00","guid":{"rendered":"https:\/\/zonaroja.com.mx\/?p=78898"},"modified":"2025-03-30T06:42:47","modified_gmt":"2025-03-30T12:42:47","slug":"realiza-fiscalia-de-oaxaca-operativo-en-la-central-de-abasto","status":"publish","type":"post","link":"https:\/\/zonaroja.com.mx\/?p=78898","title":{"rendered":"Realiza Fiscal\u00eda de Oaxaca operativo en la Central de Abasto"},"content":{"rendered":"\n<p>Redacci\u00f3n\/Zona Roja.<\/p>\n\n\n\n<p>Oaxaca de Ju\u00e1rez, Oax., a 30 de marzo de 2025.- La Fiscal\u00eda General del Estado de Oaxaca (FGEO), a trav\u00e9s de la Agencia Estatal de Investigaciones (AEI), llev\u00f3 a cabo un operativo denominado \u201cCompra Segura\u201d en la Central de Abasto en la ciudad de Oaxaca, con el objetivo de prevenir el fen\u00f3meno delictivo, el cual se realiz\u00f3 de manera conjunta con la Secretar\u00eda de la Defensa Nacional (Defensa), Guardia Nacional, Polic\u00eda Estatal y la Polic\u00eda Municipal.<\/p>\n\n\n\n<p>Derivado de los trabajos de inteligencia se planific\u00f3 el despliegue policial este s\u00e1bado, uno de los d\u00edas de mayor afluencia al centro comercial m\u00e1s importante del estado de Oaxaca.<\/p>\n\n\n\n<p>Para garantizar la seguridad de los compradores y ciudadan\u00eda en general, llevaron a cabo recorridos de vigilancia por los distintos sectores de esta zona de la capital.<\/p>\n\n\n\n<p>Adem\u00e1s de realizar la verificaci\u00f3n de veh\u00edculos actividad en la que se logr\u00f3 la detecci\u00f3n y aseguramiento de un veh\u00edculo que contaba con reporte de robo, por lo que qued\u00f3 a disposici\u00f3n de la agente del ministerio p\u00fablico .<\/p>\n\n\n\n<p>Este tipo de actividades de proximidad social, seguridad y prevenci\u00f3n en las que participa la Fiscal\u00eda&nbsp; de Oaxaca, forman parte de la estrategia estatal de seguridad en los Valles Centrales, para reducir la incidencia del fen\u00f3meno delictivo.<\/p>\n","protected":false},"excerpt":{"rendered":"<p>Redacci\u00f3n\/Zona Roja. Oaxaca de Ju\u00e1rez, Oax., a 30 de marzo de 2025.- La Fiscal\u00eda General&hellip;<\/p>\n","protected":false},"author":2,"featured_media":78899,"comment_status":"closed","ping_status":"open","sticky":false,"template":"","format":"standard","meta":{"_lmt_disableupdate":"","_lmt_disable":"","_jetpack_memberships_contains_paid_content":false,"footnotes":""},"categories":[109,46],"tags":[494],"class_list":["post-78898","post","type-post","status-publish","format-standard","has-post-thumbnail","hentry","category-minuto-a-minuto","category-zona-blanca","tag-fiscalia-general-del-estado-de-oaxaca"],"jetpack_featured_media_url":"https:\/\/zonaroja.com.mx\/wp-content\/uploads\/2025\/03\/BOLETIN-1346.-Participa-Fiscalia-de-Oaxaca-en-operativo-de-prevencion-Compra-Segura-en-la-Central-de-Abasto3.jpeg","jetpack_sharing_enabled":true,"_links":{"self":[{"href":"https:\/\/zonaroja.com.mx\/index.php?rest_route=\/wp\/v2\/posts\/78898","targetHints":{"allow":["GET"]}}],"collection":[{"href":"https:\/\/zonaroja.com.mx\/index.php?rest_route=\/wp\/v2\/posts"}],"about":[{"href":"https:\/\/zonaroja.com.mx\/index.php?rest_route=\/wp\/v2\/types\/post"}],"author":[{"embeddable":true,"href":"https:\/\/zonaroja.com.mx\/index.php?rest_route=\/wp\/v2\/users\/2"}],"replies":[{"embeddable":true,"href":"https:\/\/zonaroja.com.mx\/index.php?rest_route=%2Fwp%2Fv2%2Fcomments&post=78898"}],"version-history":[{"count":1,"href":"https:\/\/zonaroja.com.mx\/index.php?rest_route=\/wp\/v2\/posts\/78898\/revisions"}],"predecessor-version":[{"id":78900,"href":"https:\/\/zonaroja.com.mx\/index.php?rest_route=\/wp\/v2\/posts\/78898\/revisions\/78900"}],"wp:featuredmedia":[{"embeddable":true,"href":"https:\/\/zonaroja.com.mx\/index.php?rest_route=\/wp\/v2\/media\/78899"}],"wp:attachment":[{"href":"https:\/\/zonaroja.com.mx\/index.php?rest_route=%2Fwp%2Fv2%2Fmedia&parent=78898"}],"wp:term":[{"taxonomy":"category","embeddable":true,"href":"https:\/\/zonaroja.com.mx\/index.php?rest_route=%2Fwp%2Fv2%2Fcategories&post=78898"},{"taxonomy":"post_tag","embeddable":true,"href":"https:\/\/zonaroja.com.mx\/index.php?rest_route=%2Fwp%2Fv2%2Ftags&post=78898"}],"curies":[{"name":"wp","href":"https:\/\/api.w.org\/{rel}","templated":true}]}}