{"id":78901,"date":"2025-03-30T09:42:00","date_gmt":"2025-03-30T15:42:00","guid":{"rendered":"https:\/\/zonaroja.com.mx\/?p=78901"},"modified":"2025-03-30T07:23:38","modified_gmt":"2025-03-30T13:23:38","slug":"ante-ola-de-inseguridad-en-miahuatlan-vecinos-se-organizan-y-vigilan","status":"publish","type":"post","link":"https:\/\/zonaroja.com.mx\/?p=78901","title":{"rendered":"Ante ola de inseguridad en Miahuatl\u00e1n, vecinos se organizan y vigilan"},"content":{"rendered":"\n<p>Raymundo Morales\/Zona Roja.<\/p>\n\n\n\n<p>Oaxaca de Ju\u00e1rez, Oax., a 30 de marzo de 2025.- Sin cambios en las pol\u00edticas de seguridad en el nuevo gobierno del morenista Ces\u00e1reo Figueroa, alias \u201cEl Chivo\u201d, la ola delictiva crece en Miahuatl\u00e1n de Porfirio D\u00eda.<\/p>\n\n\n\n<p>Ante ello, vecinos de diversos asentadme\u00bfcientos se han comenzado a organizar para realizar recorridos de vigilancia, buscar a los delincuentes y, en su caso, darles un escarmiento.<\/p>\n\n\n\n<p>As\u00ed ocurri\u00f3 esta semana en la colonia Santa Cecilia, hastiados de frecuentes asaltos en las calles 16 de Septiembre y 3 de Octubre.<\/p>\n\n\n\n<p>Y es que tan s\u00f3lo en la semana que termin\u00f3, fueron asesinadas al menos dos personas en dicho municipio ubicado en la regi\u00f3n Sierra Sur del estado de Oaxaca.<\/p>\n\n\n\n<p>Fue el martes 25 y el mi\u00e9rcoles 26 de marzo en que ocurrieron los cr\u00edmenes en puntos distintos de Miahuatl\u00e1n y hasta el momento la polic\u00eda municipal no ha reportado detenidos.<\/p>\n\n\n\n<p>La ola criminal comenz\u00f3 en el trienio de Jos\u00e9 Alberto Mart\u00ednez, militante del Frente Popular Revolucionario (FPR), quien pese a las promesas, no hizo nada para frenar la ola delictiva.<\/p>\n\n\n\n<p>Incluso, a\u00fan cuenta con protecci\u00f3n de la seguridad p\u00fablica estatal, con al menos tres guardias de seguridad, con los que se pasea en la ciudad de Oaxaca.<\/p>\n\n\n\n<p>En tanto, C\u00e9sar Figueroa, surgido del Partido Morena, prometi\u00f3 acabar con la inseguridad y encabezar un gobierno diferente.<\/p>\n\n\n\n<p>Sin embargo, en las primeras semanas del a\u00f1o, se ha confrontado en diversas ocasiones con los comerciantes ambulantes e incluso un desalojo violento de ellos, con uso de gas lacrim\u00f3geno.<\/p>\n\n\n\n<p>Aunado a ello, ha enfrentado reclamos y protestas por parte de colonos, quienes se resisten a que sus asentamientos sean sede de tiraderos de basura ordenados por el edil.<\/p>\n","protected":false},"excerpt":{"rendered":"<p>Raymundo Morales\/Zona Roja. Oaxaca de Ju\u00e1rez, Oax., a 30 de marzo de 2025.- Sin cambios&hellip;<\/p>\n","protected":false},"author":2,"featured_media":78902,"comment_status":"closed","ping_status":"open","sticky":false,"template":"","format":"standard","meta":{"_lmt_disableupdate":"","_lmt_disable":"","_jetpack_memberships_contains_paid_content":false,"footnotes":""},"categories":[109,47],"tags":[4262],"class_list":["post-78901","post","type-post","status-publish","format-standard","has-post-thumbnail","hentry","category-minuto-a-minuto","category-zona-gris","tag-cesar-figueroa-el-chivo"],"jetpack_featured_media_url":"https:\/\/zonaroja.com.mx\/wp-content\/uploads\/2025\/03\/Cesar-Figueroa-El-Chivo-Miahuatlan.jpg","jetpack_sharing_enabled":true,"_links":{"self":[{"href":"https:\/\/zonaroja.com.mx\/index.php?rest_route=\/wp\/v2\/posts\/78901","targetHints":{"allow":["GET"]}}],"collection":[{"href":"https:\/\/zonaroja.com.mx\/index.php?rest_route=\/wp\/v2\/posts"}],"about":[{"href":"https:\/\/zonaroja.com.mx\/index.php?rest_route=\/wp\/v2\/types\/post"}],"author":[{"embeddable":true,"href":"https:\/\/zonaroja.com.mx\/index.php?rest_route=\/wp\/v2\/users\/2"}],"replies":[{"embeddable":true,"href":"https:\/\/zonaroja.com.mx\/index.php?rest_route=%2Fwp%2Fv2%2Fcomments&post=78901"}],"version-history":[{"count":1,"href":"https:\/\/zonaroja.com.mx\/index.php?rest_route=\/wp\/v2\/posts\/78901\/revisions"}],"predecessor-version":[{"id":78903,"href":"https:\/\/zonaroja.com.mx\/index.php?rest_route=\/wp\/v2\/posts\/78901\/revisions\/78903"}],"wp:featuredmedia":[{"embeddable":true,"href":"https:\/\/zonaroja.com.mx\/index.php?rest_route=\/wp\/v2\/media\/78902"}],"wp:attachment":[{"href":"https:\/\/zonaroja.com.mx\/index.php?rest_route=%2Fwp%2Fv2%2Fmedia&parent=78901"}],"wp:term":[{"taxonomy":"category","embeddable":true,"href":"https:\/\/zonaroja.com.mx\/index.php?rest_route=%2Fwp%2Fv2%2Fcategories&post=78901"},{"taxonomy":"post_tag","embeddable":true,"href":"https:\/\/zonaroja.com.mx\/index.php?rest_route=%2Fwp%2Fv2%2Ftags&post=78901"}],"curies":[{"name":"wp","href":"https:\/\/api.w.org\/{rel}","templated":true}]}}