{"id":78906,"date":"2025-03-30T10:25:00","date_gmt":"2025-03-30T16:25:00","guid":{"rendered":"https:\/\/zonaroja.com.mx\/?p=78906"},"modified":"2025-03-30T07:27:26","modified_gmt":"2025-03-30T13:27:26","slug":"fortalece-xoxocotlan-prevencion-de-la-violencia-de-genero","status":"publish","type":"post","link":"https:\/\/zonaroja.com.mx\/?p=78906","title":{"rendered":"Fortalece Xoxocotl\u00e1n prevenci\u00f3n de la violencia de g\u00e9nero"},"content":{"rendered":"\n<p>Redacci\u00f3n\/Zona Roja.<\/p>\n\n\n\n<p>Oaxaca de Ju\u00e1rez, Oax., a 30 de marzo de 2025. Para sensibilizar y proporcionar herramientas que abonen a la eliminaci\u00f3n de la violencia de g\u00e9nero, el gobierno de Santa Cruz Xoxocotl\u00e1n, que encabeza Nancy Ben\u00edtez Z\u00e1rate, a trav\u00e9s de su Instancia de la Mujer, llev\u00f3 a cabo el taller \u201cPrevenci\u00f3n de la Violencia de G\u00e9nero\u201d, impartido por la doctora M\u00f3nica Z\u00e1rate Apak, especialista en derechos humanos.<\/p>\n\n\n\n<p>Este evento, dirigido a las y los habitantes del municipio, busca fortalecer la prevenci\u00f3n de una de las violaciones m\u00e1s graves a los derechos humanos a nivel global y nacional, como lo es la violencia de g\u00e9nero.&nbsp;<\/p>\n\n\n\n<p>Durante su intervenci\u00f3n, la especialista expuso que la violencia de g\u00e9nero no solo es un reflejo de la desigualdad estructural entre hombres y mujeres, sino que perpet\u00faa ciclos de marginaci\u00f3n y pobreza, agravados en contextos de interseccionalidad.&nbsp;<\/p>\n\n\n\n<p>En el taller tambi\u00e9n destac\u00f3 el papel crucial de las instituciones educativas en la prevenci\u00f3n, ya que las escuelas con protocolos de prevenci\u00f3n de violencia sexual presentan un 65 por ciento menos de casos de acoso y fomentan relaciones m\u00e1s igualitarias entre adolescentes.<\/p>\n\n\n\n<p>Una de las soluciones planteadas durante la actividad fue la necesidad de fortalecer la educaci\u00f3n con perspectiva de g\u00e9nero desde la infancia, la promoci\u00f3n de masculinidades no violentas y el empoderamiento econ\u00f3mico de las mujeres.&nbsp;<\/p>\n\n\n\n<p>Por su parte, la presidenta municipal Nancy Ben\u00edtez Z\u00e1rate, destac\u00f3 que este tipo de espacios de reflexi\u00f3n y aprendizaje son clave para fortalecer la lucha por los derechos de las mujeres.<\/p>\n\n\n\n<p>Adem\u00e1s, reiteran el compromiso de su gobierno con el fortalecimiento de acciones que garanticen el respeto, la igualdad y la seguridad de todas las mujeres.<\/p>\n\n\n\n<p>Santa Cruz Xoxocotl\u00e1n reafirma su lucha por erradicar la violencia de g\u00e9nero y promover una sociedad m\u00e1s equitativa y respetuosa de los derechos de las mujeres.<\/p>\n","protected":false},"excerpt":{"rendered":"<p>Redacci\u00f3n\/Zona Roja. Oaxaca de Ju\u00e1rez, Oax., a 30 de marzo de 2025. Para sensibilizar y&hellip;<\/p>\n","protected":false},"author":2,"featured_media":78907,"comment_status":"closed","ping_status":"open","sticky":false,"template":"","format":"standard","meta":{"_lmt_disableupdate":"","_lmt_disable":"","_jetpack_memberships_contains_paid_content":false,"footnotes":""},"categories":[109,46],"tags":[133],"class_list":["post-78906","post","type-post","status-publish","format-standard","has-post-thumbnail","hentry","category-minuto-a-minuto","category-zona-blanca","tag-santa-cruz-xoxocotlan"],"jetpack_featured_media_url":"https:\/\/zonaroja.com.mx\/wp-content\/uploads\/2025\/03\/taller-prevencion-violencia-contra-las-mujeres-xoxo-1.jpeg","jetpack_sharing_enabled":true,"_links":{"self":[{"href":"https:\/\/zonaroja.com.mx\/index.php?rest_route=\/wp\/v2\/posts\/78906","targetHints":{"allow":["GET"]}}],"collection":[{"href":"https:\/\/zonaroja.com.mx\/index.php?rest_route=\/wp\/v2\/posts"}],"about":[{"href":"https:\/\/zonaroja.com.mx\/index.php?rest_route=\/wp\/v2\/types\/post"}],"author":[{"embeddable":true,"href":"https:\/\/zonaroja.com.mx\/index.php?rest_route=\/wp\/v2\/users\/2"}],"replies":[{"embeddable":true,"href":"https:\/\/zonaroja.com.mx\/index.php?rest_route=%2Fwp%2Fv2%2Fcomments&post=78906"}],"version-history":[{"count":1,"href":"https:\/\/zonaroja.com.mx\/index.php?rest_route=\/wp\/v2\/posts\/78906\/revisions"}],"predecessor-version":[{"id":78908,"href":"https:\/\/zonaroja.com.mx\/index.php?rest_route=\/wp\/v2\/posts\/78906\/revisions\/78908"}],"wp:featuredmedia":[{"embeddable":true,"href":"https:\/\/zonaroja.com.mx\/index.php?rest_route=\/wp\/v2\/media\/78907"}],"wp:attachment":[{"href":"https:\/\/zonaroja.com.mx\/index.php?rest_route=%2Fwp%2Fv2%2Fmedia&parent=78906"}],"wp:term":[{"taxonomy":"category","embeddable":true,"href":"https:\/\/zonaroja.com.mx\/index.php?rest_route=%2Fwp%2Fv2%2Fcategories&post=78906"},{"taxonomy":"post_tag","embeddable":true,"href":"https:\/\/zonaroja.com.mx\/index.php?rest_route=%2Fwp%2Fv2%2Ftags&post=78906"}],"curies":[{"name":"wp","href":"https:\/\/api.w.org\/{rel}","templated":true}]}}