{"id":78913,"date":"2025-03-30T14:30:00","date_gmt":"2025-03-30T20:30:00","guid":{"rendered":"https:\/\/zonaroja.com.mx\/?p=78913"},"modified":"2025-03-30T07:31:48","modified_gmt":"2025-03-30T13:31:48","slug":"diversas-ong-promueven-amparo-ante-omision-de-garantizar-derecho-a-la-salud","status":"publish","type":"post","link":"https:\/\/zonaroja.com.mx\/?p=78913","title":{"rendered":"Diversas ONG promueven amparo ante omisi\u00f3n de garantizar derecho a la salud"},"content":{"rendered":"\n<p>Redacci\u00f3n\/Estado 20.<\/p>\n\n\n\n<p>Oaxaca de Ju\u00e1rez, Oax., a 30 de marzo de 2025.- Organizaciones de la sociedad civil que conforman la Plataforma de Derechos Humanos interpusieron una demanda de amparo en la que denuncian la omisi\u00f3n del Estado mexicano en garantizar el derecho a la salud en Oaxaca y en sus regiones.<\/p>\n\n\n\n<p>En su demanda, advirtieron que han observado y documentado a trav\u00e9s de diversas notas de prensa, as\u00ed como de comunicados que se han hecho p\u00fablicos a trav\u00e9s de las redes sociales, la omisi\u00f3n de las autoridades federales y estatales de garantizar el derecho a la salud.<\/p>\n\n\n\n<p>Y el cual debe ser garantizado mediante el abastecimiento suficiente de medicamentos, insumos, personal m\u00e9dico e infraestructura, para la prevenci\u00f3n, diagn\u00f3stico, tratamientos, rehabilitaci\u00f3n y atenci\u00f3n de enfermedades y\/o padecimientos.<\/p>\n\n\n\n<p>As\u00ed como la suspensi\u00f3n de intervenciones quir\u00fargicas en el Hospital Civil \u201cDoctor Aurelio Valdivieso\u201d, entre otras problem\u00e1ticas, dejando sin servicios a una parte importante de la poblaci\u00f3n.<\/p>\n\n\n\n<p>\u201cTodas las problem\u00e1ticas enunciadas, transgreden el derecho al disfrute m\u00e1s alto de salud, comprometiendo la vida y la integridad personal, principalmente de mujeres, ni\u00f1as, ni\u00f1os, adolescentes, personas en situaci\u00f3n de mayor vulnerabilidad\u201d.<\/p>\n\n\n\n<p>Incluso, recordaron que la Defensor\u00eda de los Derechos Humanos del Pueblo de Oaxaca (DDHPO) emiti\u00f3 una alerta temprana el a\u00f1o pasado a causa de la crisis en el sistema de salud del estado.<\/p>\n\n\n\n<p>\u201cPor ello, las Organizaciones que formamos parte de la Plataforma de Derechos Humanos hemos acudido a la justicia federal para exigir la protecci\u00f3n del derecho a la salud como un derecho colectivo y social\u201d, informaron.<\/p>\n\n\n\n<p>Tambi\u00e9n hicieron un llamado urgente a las autoridades sanitarias para garantizar el derecho a la salud de la poblaci\u00f3n oaxaque\u00f1a; \u201cpara ello, no se necesita un amparo, sino la voluntad de los diferentes niveles de gobierno para coordinar acciones que permitan subsanar las carencias que hemos visto en los \u00faltimos meses\u201d.<\/p>\n\n\n\n<p>Entre las organizaciones que promovieron la demanda de amparo se encuentran Caminos A.C., Centro de Acompa\u00f1amiento a Migrantes A.C., Centro de apoyo al Movimiento Popular Oaxaque\u00f1o A.C. (CAMPO)., y el Centro de Derechos Humanos Ind\u00edgenas \u201cflor y canto\u201d A.C.<\/p>\n","protected":false},"excerpt":{"rendered":"<p>Redacci\u00f3n\/Estado 20. Oaxaca de Ju\u00e1rez, Oax., a 30 de marzo de 2025.- Organizaciones de la&hellip;<\/p>\n","protected":false},"author":2,"featured_media":73404,"comment_status":"closed","ping_status":"open","sticky":false,"template":"","format":"standard","meta":{"_lmt_disableupdate":"","_lmt_disable":"","_jetpack_memberships_contains_paid_content":false,"footnotes":""},"categories":[109,46],"tags":[],"class_list":["post-78913","post","type-post","status-publish","format-standard","has-post-thumbnail","hentry","category-minuto-a-minuto","category-zona-blanca"],"jetpack_featured_media_url":"https:\/\/zonaroja.com.mx\/wp-content\/uploads\/2024\/10\/Sin-acceso-a-salud-ni-medicinas.jpg","jetpack_sharing_enabled":true,"_links":{"self":[{"href":"https:\/\/zonaroja.com.mx\/index.php?rest_route=\/wp\/v2\/posts\/78913","targetHints":{"allow":["GET"]}}],"collection":[{"href":"https:\/\/zonaroja.com.mx\/index.php?rest_route=\/wp\/v2\/posts"}],"about":[{"href":"https:\/\/zonaroja.com.mx\/index.php?rest_route=\/wp\/v2\/types\/post"}],"author":[{"embeddable":true,"href":"https:\/\/zonaroja.com.mx\/index.php?rest_route=\/wp\/v2\/users\/2"}],"replies":[{"embeddable":true,"href":"https:\/\/zonaroja.com.mx\/index.php?rest_route=%2Fwp%2Fv2%2Fcomments&post=78913"}],"version-history":[{"count":1,"href":"https:\/\/zonaroja.com.mx\/index.php?rest_route=\/wp\/v2\/posts\/78913\/revisions"}],"predecessor-version":[{"id":78914,"href":"https:\/\/zonaroja.com.mx\/index.php?rest_route=\/wp\/v2\/posts\/78913\/revisions\/78914"}],"wp:featuredmedia":[{"embeddable":true,"href":"https:\/\/zonaroja.com.mx\/index.php?rest_route=\/wp\/v2\/media\/73404"}],"wp:attachment":[{"href":"https:\/\/zonaroja.com.mx\/index.php?rest_route=%2Fwp%2Fv2%2Fmedia&parent=78913"}],"wp:term":[{"taxonomy":"category","embeddable":true,"href":"https:\/\/zonaroja.com.mx\/index.php?rest_route=%2Fwp%2Fv2%2Fcategories&post=78913"},{"taxonomy":"post_tag","embeddable":true,"href":"https:\/\/zonaroja.com.mx\/index.php?rest_route=%2Fwp%2Fv2%2Ftags&post=78913"}],"curies":[{"name":"wp","href":"https:\/\/api.w.org\/{rel}","templated":true}]}}