{"id":78915,"date":"2025-03-30T14:32:00","date_gmt":"2025-03-30T20:32:00","guid":{"rendered":"https:\/\/zonaroja.com.mx\/?p=78915"},"modified":"2025-03-30T07:33:24","modified_gmt":"2025-03-30T13:33:24","slug":"ahora-en-pueblo-de-amlo-hallan-fosa-clandestina","status":"publish","type":"post","link":"https:\/\/zonaroja.com.mx\/?p=78915","title":{"rendered":"Ahora en pueblo de AMLO hallan fosa clandestina"},"content":{"rendered":"\n<p>Redacci\u00f3n\/Zona Roja Cdmx.<\/p>\n\n\n\n<p>Ciudad de M\u00e9xico, a 30 de marzo de 2025.- Personal de la polic\u00eda municipal aseguraron el rancho El Manantial, ubicado en el municipio de Macuspana, Tabasco, en el que se hallaron fosas clandestinas con restos humanos.<\/p>\n\n\n\n<p>Tras acudir a verificar una denuncia ciudadana, los uniformados confirmaron el hallazgo de restos en fosas, en un predio ubicado entre la rancher\u00eda 20 de noviembre y el poblado de Tepetit\u00e1n, que fue acordonado por elementos de seguridad para las investigaciones.<\/p>\n\n\n\n<p>Los municipales dieron aviso al personal de la Fiscal\u00eda General del Estado (FGE), quienes acudieron para el levantamiento de restos e iniciar las indagatorias periciales y una carpeta de investigaci\u00f3n.<\/p>\n\n\n\n<p>Hace algunas semanas se descubri\u00f3 que en el Rancho Izaguirre, en Teuchitl\u00e1n, Jalisco, se realizaban entrenamientos para que las personas reclutadas se integraran al C\u00e1rtel Jalisco Nueva Generaci\u00f3n (CJNG) y al parecer, tambi\u00e9n hab\u00eda crematorios clandestinos y restos humanos.<\/p>\n\n\n\n<p>CASO \u201cIZAGUIRRE\u201d<\/p>\n\n\n\n<p>Luego de que la Fiscal\u00eda de Jalisco entregara las capetas de investigaci\u00f3n sobre los hallazgos en el rancho Izaguirre, registrados en octubre del 2024, Alejandro Gertz Manero, Fiscal General de la Rep\u00fablica, asegur\u00f3 que el rancho Izaguirre en Teuchitl\u00e1n, Jalisco, ya est\u00e1 en posesi\u00f3n de la FGR.<\/p>\n\n\n\n<p>\u201cCon motivo de una acci\u00f3n que para nosotros ha sido fundamental el ej\u00e9rcito mexicano, y la Secretar\u00eda de Seguridad logr\u00f3 detener \u2018Lastra\u2019, esto fue la semana pasada, y en un plazo verdaderamente perentorio, logramos con los datos que ellos nos dieron obtener y abrir una carpeta por delincuencia organizada, tambi\u00e9n logramos que el juez de control le dicte prisi\u00f3n a este individuo, ya se encuentra en una c\u00e1rcel de alta seguridad y al tener ya una acci\u00f3n de car\u00e1cter federal, la madrugada del d\u00eda de hoy, la FGR del ministerio p\u00fablico, la polic\u00eda y los peritos, tomamos posesi\u00f3n de ese lugar\u201d, indic\u00f3.<\/p>\n\n\n\n<p>En tanto, Madres buscadoras y colectivos de b\u00fasqueda de personas desaparecidas denunciaron que las autoridades \u201ctaparon\u201d pruebas e indicios hallados anteriormente en el rancho Izaguirre, en Teuchitl\u00e1n, Jalisco, predio que presuntamente era utilizado como campo de exterminio o adiestramiento por el CJNG.<\/p>\n\n\n\n<p>\u201cCuando nosotras encontramos el predio no estaba as\u00ed\u201d, asegur\u00f3 la lideresa del colectivo Madres Buscadoras de Jalisco, Virginia Ponce, en entrevista con la agencia Quadrat\u00edn.<\/p>\n\n\n\n<p>(Informaci\u00f3n de \u201cEl Financiero\u201d)<\/p>\n","protected":false},"excerpt":{"rendered":"<p>Redacci\u00f3n\/Zona Roja Cdmx. Ciudad de M\u00e9xico, a 30 de marzo de 2025.- Personal de la&hellip;<\/p>\n","protected":false},"author":2,"featured_media":78362,"comment_status":"closed","ping_status":"open","sticky":false,"template":"","format":"standard","meta":{"_lmt_disableupdate":"","_lmt_disable":"","_jetpack_memberships_contains_paid_content":false,"footnotes":""},"categories":[109,47],"tags":[],"class_list":["post-78915","post","type-post","status-publish","format-standard","has-post-thumbnail","hentry","category-minuto-a-minuto","category-zona-gris"],"jetpack_featured_media_url":"https:\/\/zonaroja.com.mx\/wp-content\/uploads\/2025\/03\/Fosas-Jalisco.jpg","jetpack_sharing_enabled":true,"_links":{"self":[{"href":"https:\/\/zonaroja.com.mx\/index.php?rest_route=\/wp\/v2\/posts\/78915","targetHints":{"allow":["GET"]}}],"collection":[{"href":"https:\/\/zonaroja.com.mx\/index.php?rest_route=\/wp\/v2\/posts"}],"about":[{"href":"https:\/\/zonaroja.com.mx\/index.php?rest_route=\/wp\/v2\/types\/post"}],"author":[{"embeddable":true,"href":"https:\/\/zonaroja.com.mx\/index.php?rest_route=\/wp\/v2\/users\/2"}],"replies":[{"embeddable":true,"href":"https:\/\/zonaroja.com.mx\/index.php?rest_route=%2Fwp%2Fv2%2Fcomments&post=78915"}],"version-history":[{"count":1,"href":"https:\/\/zonaroja.com.mx\/index.php?rest_route=\/wp\/v2\/posts\/78915\/revisions"}],"predecessor-version":[{"id":78916,"href":"https:\/\/zonaroja.com.mx\/index.php?rest_route=\/wp\/v2\/posts\/78915\/revisions\/78916"}],"wp:featuredmedia":[{"embeddable":true,"href":"https:\/\/zonaroja.com.mx\/index.php?rest_route=\/wp\/v2\/media\/78362"}],"wp:attachment":[{"href":"https:\/\/zonaroja.com.mx\/index.php?rest_route=%2Fwp%2Fv2%2Fmedia&parent=78915"}],"wp:term":[{"taxonomy":"category","embeddable":true,"href":"https:\/\/zonaroja.com.mx\/index.php?rest_route=%2Fwp%2Fv2%2Fcategories&post=78915"},{"taxonomy":"post_tag","embeddable":true,"href":"https:\/\/zonaroja.com.mx\/index.php?rest_route=%2Fwp%2Fv2%2Ftags&post=78915"}],"curies":[{"name":"wp","href":"https:\/\/api.w.org\/{rel}","templated":true}]}}