{"id":78923,"date":"2025-03-30T20:29:00","date_gmt":"2025-03-31T02:29:00","guid":{"rendered":"https:\/\/zonaroja.com.mx\/?p=78923"},"modified":"2025-03-30T19:30:40","modified_gmt":"2025-03-31T01:30:40","slug":"opinion-teuchitlan-espectaculo-de-impunidad","status":"publish","type":"post","link":"https:\/\/zonaroja.com.mx\/?p=78923","title":{"rendered":"Opini\u00f3n. Teuchitl\u00e1n, espect\u00e1culo de impunidad"},"content":{"rendered":"\n<p>Diego Enrique Osorono*<\/p>\n\n\n\n<p>Voces madrugadoras reportando desde el rancho Izaguirre que aqu\u00ed no pas\u00f3 nada, que en estos p\u00e1ramos todo est\u00e1 en paz (como el pa\u00eds entero), que hay una presidenta firme y una oposici\u00f3n exagerada.<\/p>\n\n\n\n<p>Por otro lado, en el mismo rancho, a la misma hora, hay tambi\u00e9n voces desveladas describiendo con oscuro entusiasmo y s\u00f3rdida inventiva los detalles de las masacres llevadas a cabo en el paraje.<\/p>\n\n\n\n<p>He aqu\u00ed un dilema demencial. Si como gobierno no puedes ocultar lo que sucede ni hacerte responsable de una investigaci\u00f3n cabal de algo que ocurri\u00f3 ah\u00ed en Teuchitl\u00e1n, como viene sucediendo en otros cientos de lugares del pa\u00eds, que venga entonces primero el caos y luego la confusi\u00f3n.<\/p>\n\n\n\n<p>Benditas sean las redes sociales y una desinformaci\u00f3n que permite montar el espect\u00e1culo de impunidad con el que ahora quedar\u00e1 asociada la palabra Teuchitl\u00e1n.<\/p>\n\n\n\n<p>Abrid las puertas del profundo dolor descubierto y revelado por colectivos de buscadoras y periodistas, para que puedan pisotearlo con un penoso safari forense, tanto colaboradores de la causa como enemigos de la patria, que al cabo la verdad no importa, sino la nueva batalla de narrativas de una guerra que adquiere cada vez un cariz m\u00e1s fascista.<\/p>\n\n\n\n<p>A pesar del perverso intento por destruir la empat\u00eda con las v\u00edctimas, para estas alturas, a las autoridades que se avientan entre s\u00ed la culpa les es imposible negar lo evidente: que en Teuchitl\u00e1n hab\u00eda una base de operaciones criminales en la que se exterminaban personas con la debida diligencia y complicidad de una serie de instituciones.<\/p>\n\n\n\n<p>A lo largo de estos a\u00f1os, much\u00edsimas madres, abuelas y esposas se han convertido en las dirigentes y participantes del movimiento m\u00e1s coherente de la sociedad civil en contra de la barbarie de nuestra democracia. No solo por piedad o compasi\u00f3n hay que ponerse del lado de las buscadoras, sino por un acto de mera supervivencia e imaginaci\u00f3n pol\u00edtica frente al horror&nbsp;cotidiano.<\/p>\n\n\n\n<p>\u201cTodas las penas se pueden sobrellevar meti\u00e9ndolas en una historia o contando una historia sobre ellas\u201d, escribi\u00f3 Hannah Arendt. Hay que volver a Teuchitl\u00e1n una y otra vez hasta encontrar en ese monte de la realidad las palabras precisas, justas y humanas que desde las perspectivas de las v\u00edctimas venzan el espect\u00e1culo de impunidad.<\/p>\n\n\n\n<p>*Escritor y periodista.<\/p>\n\n\n\n<p>@DiegoEOsorno<\/p>\n","protected":false},"excerpt":{"rendered":"<p>Diego Enrique Osorono* Voces madrugadoras reportando desde el rancho Izaguirre que aqu\u00ed no pas\u00f3 nada,&hellip;<\/p>\n","protected":false},"author":2,"featured_media":67760,"comment_status":"closed","ping_status":"open","sticky":false,"template":"","format":"standard","meta":{"_lmt_disableupdate":"","_lmt_disable":"","_jetpack_memberships_contains_paid_content":false,"footnotes":""},"categories":[456,109],"tags":[3020],"class_list":["post-78923","post","type-post","status-publish","format-standard","has-post-thumbnail","hentry","category-columna","category-minuto-a-minuto","tag-diego-enrique-osorno"],"jetpack_featured_media_url":"https:\/\/zonaroja.com.mx\/wp-content\/uploads\/2024\/04\/Diego-Enrique-Osorno.jpeg","jetpack_sharing_enabled":true,"_links":{"self":[{"href":"https:\/\/zonaroja.com.mx\/index.php?rest_route=\/wp\/v2\/posts\/78923","targetHints":{"allow":["GET"]}}],"collection":[{"href":"https:\/\/zonaroja.com.mx\/index.php?rest_route=\/wp\/v2\/posts"}],"about":[{"href":"https:\/\/zonaroja.com.mx\/index.php?rest_route=\/wp\/v2\/types\/post"}],"author":[{"embeddable":true,"href":"https:\/\/zonaroja.com.mx\/index.php?rest_route=\/wp\/v2\/users\/2"}],"replies":[{"embeddable":true,"href":"https:\/\/zonaroja.com.mx\/index.php?rest_route=%2Fwp%2Fv2%2Fcomments&post=78923"}],"version-history":[{"count":1,"href":"https:\/\/zonaroja.com.mx\/index.php?rest_route=\/wp\/v2\/posts\/78923\/revisions"}],"predecessor-version":[{"id":78924,"href":"https:\/\/zonaroja.com.mx\/index.php?rest_route=\/wp\/v2\/posts\/78923\/revisions\/78924"}],"wp:featuredmedia":[{"embeddable":true,"href":"https:\/\/zonaroja.com.mx\/index.php?rest_route=\/wp\/v2\/media\/67760"}],"wp:attachment":[{"href":"https:\/\/zonaroja.com.mx\/index.php?rest_route=%2Fwp%2Fv2%2Fmedia&parent=78923"}],"wp:term":[{"taxonomy":"category","embeddable":true,"href":"https:\/\/zonaroja.com.mx\/index.php?rest_route=%2Fwp%2Fv2%2Fcategories&post=78923"},{"taxonomy":"post_tag","embeddable":true,"href":"https:\/\/zonaroja.com.mx\/index.php?rest_route=%2Fwp%2Fv2%2Ftags&post=78923"}],"curies":[{"name":"wp","href":"https:\/\/api.w.org\/{rel}","templated":true}]}}