{"id":78925,"date":"2025-03-31T07:33:58","date_gmt":"2025-03-31T13:33:58","guid":{"rendered":"https:\/\/zonaroja.com.mx\/?p=78925"},"modified":"2025-03-31T07:34:00","modified_gmt":"2025-03-31T13:34:00","slug":"amaga-el-magisterio-oaxaqueno-con-paro-indefinido-de-labores-educativas","status":"publish","type":"post","link":"https:\/\/zonaroja.com.mx\/?p=78925","title":{"rendered":"Amaga el magisterio oaxaque\u00f1o con paro indefinido de labores educativas"},"content":{"rendered":"\n<p>Ismael Garc\u00eda M.\/Zona Roja.<\/p>\n\n\n\n<p>Oaxaca de Ju\u00e1rez, Oax., a 31 de marzo de 2025.- Luego de tres d\u00edas de paro de labores educativas, la Secci\u00f3n 22 del Sindicato Nacional de Trabajadores de la Educaci\u00f3n se prepara ahora para una jornada de suspensi\u00f3n indefinida, que podr\u00eda ser a partir del 15 de mayo pr\u00f3ximo.<\/p>\n\n\n\n<p>\u201cPor otro lado, esta Asamblea Estatal ha \u2018direccionado\u2019 la ruta, para ir a un brigadeo emergente, con las delegaciones y los centros de trabajo y definir as\u00ed el estallamiento del paro indefinido.<\/p>\n\n\n\n<p>\u201cSe tienen las fechas, las propuestas, para poder arribar al paro nacional de la CNTE y la responsabilidad que se llevan todos los delegados de esta Asamblea, integrantes del comit\u00e9 y organismos auxiliares, de bajar la informaci\u00f3n sobre cu\u00e1les son las afectaciones de nuestras demandas centrales\u201d.<\/p>\n\n\n\n<p>As\u00ed lo anunci\u00f3 la secretaria General del Comit\u00e9 Ejecutivo Seccional, Yenny Aracely P\u00e9rez Mart\u00ednez, al clausurar la Asamblea Estatal, que inici\u00f3 la tarde del s\u00e1bado y que culmin\u00f3 a las 09:17 horas de ayer domingo.<\/p>\n\n\n\n<p>De esta manera, a partir de esta fecha, brigadistas del magisterio recorrer\u00e1n las escuelas del estado para consensuar con las y los docentes el posible estallido del paro indefinido de labores educativas, as\u00ed como las propuestas de fechas.<\/p>\n\n\n\n<p>Una vez que se tengan los resultados de las consultas, se llevar\u00e1n a una Asamblea Estatal, que definir\u00e1 esta jornada.<\/p>\n\n\n\n<p>\u201cEl gobierno debe de saber y debe de tener muy claro que la Secci\u00f3n 22 va a salir a las calles pr\u00f3ximamente y que va a salir con mucha m\u00e1s fuerza que en el paro de 72 horas. Este magisterio, con 45 a\u00f1os de lucha, no se dejar\u00e1 vencer por las pol\u00edticas neoliberales\u201d, expuso la dirigente magisterial.<\/p>\n\n\n\n<p>Record\u00f3 que la demanda central es la abrogaci\u00f3n de la Ley del ISSSTE del a\u00f1o 2007, una vez que lograron que la Presidenta Claudia Sheinbaum retirara su propuesta de reforma de Ley del ISSSTE, que present\u00f3 al Poder Legislativo el pasado 7 de febrero.<\/p>\n\n\n\n<p>\u201cEn 2007 cuando nos impusieron la Ley del ISSSTe est\u00e1bamos debilitados, y esto hay que informarlo, tuvimos una represi\u00f3n fuerte con el \u201cCarnicero de Antequera\u201d (Ulises Ruiz); presos, asesinados y no est\u00e1bamos en las condiciones \u00f3ptimas para salir a luchar contra esa ley.<\/p>\n\n\n\n<p>\u201cHoy las condiciones han cambiado, hoy tenemos esa fuerza, y desde luego que tambi\u00e9n debemos de \u2018coberturarnos\u2019 con los que han sido nuestros aliados naturales, los padres de familia\u201d, destac\u00f3 P\u00e9rez Mart\u00ednez.<\/p>\n\n\n\n<p>Apenas los d\u00edas 19, 20 y 21 de marzo, la Coordinadora Nacional de Trabajadores de la Educaci\u00f3n, entre ellos el magisterio de Oaxaca, efectu\u00f3 un paro de labores, con \u00abplant\u00f3n\u00bb y marchas en la ciudad de M\u00e9xico.<\/p>\n","protected":false},"excerpt":{"rendered":"<p>Ismael Garc\u00eda M.\/Zona Roja. Oaxaca de Ju\u00e1rez, Oax., a 31 de marzo de 2025.- Luego&hellip;<\/p>\n","protected":false},"author":2,"featured_media":78660,"comment_status":"closed","ping_status":"open","sticky":false,"template":"","format":"standard","meta":{"_lmt_disableupdate":"","_lmt_disable":"","_jetpack_memberships_contains_paid_content":false,"footnotes":""},"categories":[109,47],"tags":[312],"class_list":["post-78925","post","type-post","status-publish","format-standard","has-post-thumbnail","hentry","category-minuto-a-minuto","category-zona-gris","tag-seccion-22-del-snte"],"jetpack_featured_media_url":"https:\/\/zonaroja.com.mx\/wp-content\/uploads\/2025\/03\/CNTE-marcha.jpg","jetpack_sharing_enabled":true,"_links":{"self":[{"href":"https:\/\/zonaroja.com.mx\/index.php?rest_route=\/wp\/v2\/posts\/78925","targetHints":{"allow":["GET"]}}],"collection":[{"href":"https:\/\/zonaroja.com.mx\/index.php?rest_route=\/wp\/v2\/posts"}],"about":[{"href":"https:\/\/zonaroja.com.mx\/index.php?rest_route=\/wp\/v2\/types\/post"}],"author":[{"embeddable":true,"href":"https:\/\/zonaroja.com.mx\/index.php?rest_route=\/wp\/v2\/users\/2"}],"replies":[{"embeddable":true,"href":"https:\/\/zonaroja.com.mx\/index.php?rest_route=%2Fwp%2Fv2%2Fcomments&post=78925"}],"version-history":[{"count":1,"href":"https:\/\/zonaroja.com.mx\/index.php?rest_route=\/wp\/v2\/posts\/78925\/revisions"}],"predecessor-version":[{"id":78926,"href":"https:\/\/zonaroja.com.mx\/index.php?rest_route=\/wp\/v2\/posts\/78925\/revisions\/78926"}],"wp:featuredmedia":[{"embeddable":true,"href":"https:\/\/zonaroja.com.mx\/index.php?rest_route=\/wp\/v2\/media\/78660"}],"wp:attachment":[{"href":"https:\/\/zonaroja.com.mx\/index.php?rest_route=%2Fwp%2Fv2%2Fmedia&parent=78925"}],"wp:term":[{"taxonomy":"category","embeddable":true,"href":"https:\/\/zonaroja.com.mx\/index.php?rest_route=%2Fwp%2Fv2%2Fcategories&post=78925"},{"taxonomy":"post_tag","embeddable":true,"href":"https:\/\/zonaroja.com.mx\/index.php?rest_route=%2Fwp%2Fv2%2Ftags&post=78925"}],"curies":[{"name":"wp","href":"https:\/\/api.w.org\/{rel}","templated":true}]}}