{"id":78927,"date":"2025-03-31T08:20:06","date_gmt":"2025-03-31T14:20:06","guid":{"rendered":"https:\/\/zonaroja.com.mx\/?p=78927"},"modified":"2025-03-31T08:20:08","modified_gmt":"2025-03-31T14:20:08","slug":"aspira-jaime-allier-campuzano-a-la-sjcn-propone-humanismo-judicial","status":"publish","type":"post","link":"https:\/\/zonaroja.com.mx\/?p=78927","title":{"rendered":"Aspira Jaime Allier Campuzano a la SJCN; propone humanismo judicial"},"content":{"rendered":"\n<p>Raymundo Morales\/Zona Roja.<\/p>\n\n\n\n<p>Oaxaca de Ju\u00e1rez, Oax., a 31 de marzo de 2025.- \u201cHe recorrido todos los pelda\u00f1os de la carrera judicial federal, desde mecan\u00f3grafo, actuario, secretario, juez de distrito, magistrado de circuito, con una antig\u00fcedad de 35 a\u00f1os de servicio, y sin ning\u00fan pariente en la instituci\u00f3n\u201d.<\/p>\n\n\n\n<p>As\u00ed se present\u00f3 el magistrado federal Jaime Allier Campuzano, al iniciar ayer su campa\u00f1a en busca de ser ministro de la Suprema Corte de Justicia de la Naci\u00f3n (SCJN) y que ofreci\u00f3 impulsar un humanismo judicial.<\/p>\n\n\n\n<p>Actualmente se desempe\u00f1a en el segundo tribunal colegiado en materia penal y de trabajo del Poder Judicial con sede en San Bartolo Coyotepec; es originario de la ciudad de Oaxaca, licenciado en Derecho por la URSE; maestr\u00eda y doctorado en derecho por la UABJO.<\/p>\n\n\n\n<p>\u201cLa propuesta fundamental de la campa\u00f1a se traduce en un humanismo judicial, compuesto de:<\/p>\n\n\n\n<p>\u201cRespeto irrestricto a los derechos humanos consagrados en la Constituci\u00f3n como en los tratados internacionales. Respeto irrestricto Al principio de divisi\u00f3n de poderes. Respeto irrestricto a al principio de legalidad e independencia judicial, y Aplicaci\u00f3n preferente de la justicia social\u201d, dijo.<\/p>\n\n\n\n<p>El catedr\u00e1tico de diversas universidades y autor de al menos 10 libros sobre varias materias jur\u00eddicas, inici\u00f3 ayer con una calenda del Centro Hist\u00f3rico hacia el parque \u201cEl Llano\u201d de la capital, acompa\u00f1ado de familiares y amigos.<\/p>\n\n\n\n<p>Sobre la justicia social, expuso que las preponderar\u00e1 sobre los otros tipos de justicia, como son la justicia conmutativa y la justicia distributiva.<\/p>\n\n\n\n<p>\u201cSi con el voto de todos ustedes me permiten llegar a Suprema Corte, aplicar\u00e9 los tres tipos de justicia pero dar\u00e9 preferencia la social, para beneficiar a las personas y grupos que se encuentran en situaci\u00f3n de vulnerabilidad, como indigenas, trabajadores, campesinos, comunidad de la diversidad sexual, entre otros\u201d.<\/p>\n\n\n\n<p>Expuso que su campa\u00f1a se caracterizar\u00e1 por ser austera, sencilla, original, respetuosa y cercana a la gente.&nbsp;<\/p>\n\n\n\n<p>Record\u00f3 que tres oaxaque\u00f1os han hecho historia en la Suprema Corte de Justicia, como son don Benito Ju\u00e1rez, presidente de la SCJN y creador del Estado moderno; Cristina Salomor\u00e1n de Tamayo, primera mujer ministra, y Juan D\u00edaz Romero, caballero de la judicatura federal.<\/p>\n\n\n\n<p>\u201cQuiero seguir esa estela de excelencia y con el sufragio de todos ustedes quiero concluir con honores mi carrera judicial al desempe\u00f1arme como ministro de la Suprema Corte\u201d, expuso.<\/p>\n\n\n\n<figure class=\"wp-block-embed is-type-rich is-provider-twitter wp-block-embed-twitter\"><div class=\"wp-block-embed__wrapper\">\n<div class=\"twitter-tweet\"><blockquote class=\"twitter-tweet\" data-lang=\"es\"><p lang=\"es\" dir=\"ltr\">2. De mecan\u00f3grafo y actuario, \u00bfa ministro de la Suprema Corte de Justicia de la Naci\u00f3n?<br>Es la aspiraci\u00f3n de Jaime Allier Campuzano, doctor en derecho y originario de la capital de Oaxaca. <br>Este domingo inici\u00f3 campa\u00f1a en el parque Ju\u00e1rez y asegur\u00f3 que ser\u00e1 una jornada de\u2026 <a href=\"https:\/\/t.co\/XqLZ3V989m\">pic.twitter.com\/XqLZ3V989m<\/a><\/p>&mdash; Zona Roja Oaxaca (@ZonaRoja_Oaxaca) <a href=\"https:\/\/twitter.com\/ZonaRoja_Oaxaca\/status\/1906431835560939840?ref_src=twsrc%5Etfw\">30 de marzo de 2025<\/a><\/blockquote><\/div>\n<\/div><\/figure>\n","protected":false},"excerpt":{"rendered":"<p>Raymundo Morales\/Zona Roja. Oaxaca de Ju\u00e1rez, Oax., a 31 de marzo de 2025.- \u201cHe recorrido&hellip;<\/p>\n","protected":false},"author":2,"featured_media":78928,"comment_status":"closed","ping_status":"open","sticky":false,"template":"","format":"standard","meta":{"_lmt_disableupdate":"","_lmt_disable":"","_jetpack_memberships_contains_paid_content":false,"footnotes":""},"categories":[109,46],"tags":[4264,4263],"class_list":["post-78927","post","type-post","status-publish","format-standard","has-post-thumbnail","hentry","category-minuto-a-minuto","category-zona-blanca","tag-elecciones-poder-judicial-de-la-federacion","tag-jaime-allier-campuzano"],"jetpack_featured_media_url":"https:\/\/zonaroja.com.mx\/wp-content\/uploads\/2025\/03\/Magistrado-Jaime-Allier-Campuzano.jpg","jetpack_sharing_enabled":true,"_links":{"self":[{"href":"https:\/\/zonaroja.com.mx\/index.php?rest_route=\/wp\/v2\/posts\/78927","targetHints":{"allow":["GET"]}}],"collection":[{"href":"https:\/\/zonaroja.com.mx\/index.php?rest_route=\/wp\/v2\/posts"}],"about":[{"href":"https:\/\/zonaroja.com.mx\/index.php?rest_route=\/wp\/v2\/types\/post"}],"author":[{"embeddable":true,"href":"https:\/\/zonaroja.com.mx\/index.php?rest_route=\/wp\/v2\/users\/2"}],"replies":[{"embeddable":true,"href":"https:\/\/zonaroja.com.mx\/index.php?rest_route=%2Fwp%2Fv2%2Fcomments&post=78927"}],"version-history":[{"count":1,"href":"https:\/\/zonaroja.com.mx\/index.php?rest_route=\/wp\/v2\/posts\/78927\/revisions"}],"predecessor-version":[{"id":78929,"href":"https:\/\/zonaroja.com.mx\/index.php?rest_route=\/wp\/v2\/posts\/78927\/revisions\/78929"}],"wp:featuredmedia":[{"embeddable":true,"href":"https:\/\/zonaroja.com.mx\/index.php?rest_route=\/wp\/v2\/media\/78928"}],"wp:attachment":[{"href":"https:\/\/zonaroja.com.mx\/index.php?rest_route=%2Fwp%2Fv2%2Fmedia&parent=78927"}],"wp:term":[{"taxonomy":"category","embeddable":true,"href":"https:\/\/zonaroja.com.mx\/index.php?rest_route=%2Fwp%2Fv2%2Fcategories&post=78927"},{"taxonomy":"post_tag","embeddable":true,"href":"https:\/\/zonaroja.com.mx\/index.php?rest_route=%2Fwp%2Fv2%2Ftags&post=78927"}],"curies":[{"name":"wp","href":"https:\/\/api.w.org\/{rel}","templated":true}]}}