{"id":78935,"date":"2025-03-31T11:30:00","date_gmt":"2025-03-31T17:30:00","guid":{"rendered":"https:\/\/zonaroja.com.mx\/?p=78935"},"modified":"2025-03-31T14:30:58","modified_gmt":"2025-03-31T20:30:58","slug":"sectorial-a-proteccion-civil-de-oaxaca-a-la-secretaria-de-seguridad","status":"publish","type":"post","link":"https:\/\/zonaroja.com.mx\/?p=78935","title":{"rendered":"Sectorizan a Protecci\u00f3n Civil de Oaxaca a la Secretar\u00eda de Seguridad"},"content":{"rendered":"\n<p>Redacci\u00f3n\/Zona Roja.<\/p>\n\n\n\n<p>Oaxaca de Ju\u00e1rez, Oax., a 31 de marzo de 2025.- Con 33 votos a favor, el Congreso de Oaxaca aprob\u00f3 el decreto por el que la Coordinaci\u00f3n Estatal de Protecci\u00f3n Civil y Gesti\u00f3n de Riesgos (CEPCGR) queda sectorizada a la Secretar\u00eda de Seguridad y Protecci\u00f3n Ciudadana (SSPC), y se desincorpora de la Secretar\u00eda de Gobierno (Sego), con la finalidad de modernizar y fortalecer a esta dependencia clave en la operaci\u00f3n y organizaci\u00f3n del Sistema Estatal de Protecci\u00f3n Civil a beneficio del pueblo de Oaxaca.<\/p>\n\n\n\n<p>De acuerdo con lo planteado por la diputada promovente, Monserat Herrera Ruiz, es m\u00e1s pertinente que la CEPCGR se vincule a la SSPC conforme al eje 3 del Plan Estatal de Desarrollo 2022-2028, en particular al numeral 3.4 relacionado con la gesti\u00f3n integral de desastres y protecci\u00f3n civil, el cual contempla como acci\u00f3n principal salvaguardar a las personas, bienes y su entorno ante la presencia de fen\u00f3menos perturbadores de origen natural o humano.<\/p>\n\n\n\n<p>Al respecto y con el prop\u00f3sito de garantizar el derecho a la seguridad social laboral en la modalidad de confianza, contrato, mandos medios y superiores, queda establecido que se regir\u00e1 de acuerdo con el Apartado \u201cA\u201d del art\u00edculo 123 de la Carta Magna Federal.<\/p>\n\n\n\n<p>Esta modificaci\u00f3n no afecta los derechos laborales del personal de base que hayan estado adscritos antes del presente decreto, quienes continuar\u00e1n rigi\u00e9ndose por lo dispuesto en el Apartado \u201cB\u201d del art\u00edculo 123 de la Constituci\u00f3n Pol\u00edtica de M\u00e9xico.<\/p>\n\n\n\n<p>El dictamen emitido por la Comisi\u00f3n Permanente de Trabajo y Seguridad Social precisa que esta reestructuraci\u00f3n busca regular el vac\u00edo generado respecto a la previsi\u00f3n social, por lo que el cambio no solo asegura el bienestar de las y los trabajadores, sino que refuerza el compromiso del Gobierno Estatal con la protecci\u00f3n de las garant\u00edas humanas y laborales, avanzando hacia una administraci\u00f3n m\u00e1s moderna, eficiente y comprometida con la poblaci\u00f3n.<\/p>\n\n\n\n<p>En este sentido, la Coordinaci\u00f3n Estatal de Protecci\u00f3n Civil y Gesti\u00f3n de Riesgos deber\u00e1 llevar a cabo los procedimientos correspondientes para registrar al personal de contrato, confianza, mandos medios y superiores en el r\u00e9gimen de seguridad social del Instituto Mexicano del Seguro Social (IMSS).<\/p>\n\n\n\n<p>El decreto avalado en Sesi\u00f3n Extraordinaria por las y los diputados locales reforma la fracci\u00f3n LXIX del art\u00edculo 4; el art\u00edculo 22; el primer p\u00e1rrafo, el inciso B), la fracci\u00f3n I del inciso B), la fracci\u00f3n III del inciso B), el numeral 1 y 2, y se adiciona el numeral 10 del art\u00edculo del art\u00edculo 33; la fracci\u00f3n LVIII y LIX recorri\u00e9ndose la subsecuente del art\u00edculo 35, todos de la Ley de Protecci\u00f3n Civil y Gesti\u00f3n Integral de Riesgos de Desastres para el Estado de Oaxaca.<\/p>\n","protected":false},"excerpt":{"rendered":"<p>Redacci\u00f3n\/Zona Roja. Oaxaca de Ju\u00e1rez, Oax., a 31 de marzo de 2025.- Con 33 votos&hellip;<\/p>\n","protected":false},"author":2,"featured_media":78936,"comment_status":"closed","ping_status":"open","sticky":false,"template":"","format":"standard","meta":{"_lmt_disableupdate":"","_lmt_disable":"","_jetpack_memberships_contains_paid_content":false,"footnotes":""},"categories":[109,46],"tags":[212],"class_list":["post-78935","post","type-post","status-publish","format-standard","has-post-thumbnail","hentry","category-minuto-a-minuto","category-zona-blanca","tag-coordinacion-estatal-de-proteccion-civil"],"jetpack_featured_media_url":"https:\/\/zonaroja.com.mx\/wp-content\/uploads\/2025\/03\/Proteccion-Civil-Oaxaca.jpg","jetpack_sharing_enabled":true,"_links":{"self":[{"href":"https:\/\/zonaroja.com.mx\/index.php?rest_route=\/wp\/v2\/posts\/78935","targetHints":{"allow":["GET"]}}],"collection":[{"href":"https:\/\/zonaroja.com.mx\/index.php?rest_route=\/wp\/v2\/posts"}],"about":[{"href":"https:\/\/zonaroja.com.mx\/index.php?rest_route=\/wp\/v2\/types\/post"}],"author":[{"embeddable":true,"href":"https:\/\/zonaroja.com.mx\/index.php?rest_route=\/wp\/v2\/users\/2"}],"replies":[{"embeddable":true,"href":"https:\/\/zonaroja.com.mx\/index.php?rest_route=%2Fwp%2Fv2%2Fcomments&post=78935"}],"version-history":[{"count":2,"href":"https:\/\/zonaroja.com.mx\/index.php?rest_route=\/wp\/v2\/posts\/78935\/revisions"}],"predecessor-version":[{"id":78945,"href":"https:\/\/zonaroja.com.mx\/index.php?rest_route=\/wp\/v2\/posts\/78935\/revisions\/78945"}],"wp:featuredmedia":[{"embeddable":true,"href":"https:\/\/zonaroja.com.mx\/index.php?rest_route=\/wp\/v2\/media\/78936"}],"wp:attachment":[{"href":"https:\/\/zonaroja.com.mx\/index.php?rest_route=%2Fwp%2Fv2%2Fmedia&parent=78935"}],"wp:term":[{"taxonomy":"category","embeddable":true,"href":"https:\/\/zonaroja.com.mx\/index.php?rest_route=%2Fwp%2Fv2%2Fcategories&post=78935"},{"taxonomy":"post_tag","embeddable":true,"href":"https:\/\/zonaroja.com.mx\/index.php?rest_route=%2Fwp%2Fv2%2Ftags&post=78935"}],"curies":[{"name":"wp","href":"https:\/\/api.w.org\/{rel}","templated":true}]}}