{"id":78946,"date":"2025-03-31T17:17:45","date_gmt":"2025-03-31T23:17:45","guid":{"rendered":"https:\/\/zonaroja.com.mx\/?p=78946"},"modified":"2025-03-31T17:22:35","modified_gmt":"2025-03-31T23:22:35","slug":"inicia-la-semana-con-un-ejecutado-a-balazos-en-el-istmo","status":"publish","type":"post","link":"https:\/\/zonaroja.com.mx\/?p=78946","title":{"rendered":"Inicia la semana con un ejecutado a balazos en el Istmo"},"content":{"rendered":"\n<p>Raymundo Morales\/Zona Roja. Foto: ADN Sureste.<\/p>\n\n\n\n<p>Oaxaca de Ju\u00e1rez, Oax., a 31 de marzo de 2025.- Torturado, maniatado y con m\u00faltiples impactos de arma de fuego, fue hallado el cuerpo de un individuo esta ma\u00f1ana en Juchit\u00e1n de Zaragoza, regi\u00f3n del Istmo.<\/p>\n\n\n\n<p>La v\u00edctima se hallaba tirada en el tramo carretero local que comunica con la localidad de Santa Mar\u00eda Xadani y fue descubierto por campesinos que pasaban por la zona, quienes dieron aviso a las autoridades policiacas.<\/p>\n\n\n\n<p>De acuerdo con los reportes de seguridad, se trata de un hombre de la tercera edad, aunque a\u00fan se desconoce su nombre y procedencia.<\/p>\n\n\n\n<p>Tras el arribo de corporaciones policiacas, elementos de la Vicefiscal\u00eda Regional del Istmo iniciaron las indagatorias correspondientes, con la finalidad de esclarecer el caso.<\/p>\n\n\n\n<p>Cabe mencionar que desde el pasado jueves, en que hallaron un cuerpo sin vida en Salina Cruz y asaltaron un banco en Santo Domingo Tehuantepec, no se presentaban hechos delictivos en la regi\u00f3n del Istmo.<\/p>\n","protected":false},"excerpt":{"rendered":"<p>Raymundo Morales\/Zona Roja. Foto: ADN Sureste. Oaxaca de Ju\u00e1rez, Oax., a 31 de marzo de&hellip;<\/p>\n","protected":false},"author":2,"featured_media":78947,"comment_status":"closed","ping_status":"open","sticky":false,"template":"","format":"standard","meta":{"_lmt_disableupdate":"","_lmt_disable":"","_jetpack_memberships_contains_paid_content":false,"footnotes":""},"categories":[109,51],"tags":[297],"class_list":["post-78946","post","type-post","status-publish","format-standard","has-post-thumbnail","hentry","category-minuto-a-minuto","category-zona-roja","tag-ejecutado-juchitan"],"jetpack_featured_media_url":"https:\/\/zonaroja.com.mx\/wp-content\/uploads\/2025\/03\/Ejecutado-Juchitan-carretera-a-Xadani.jpeg","jetpack_sharing_enabled":true,"_links":{"self":[{"href":"https:\/\/zonaroja.com.mx\/index.php?rest_route=\/wp\/v2\/posts\/78946","targetHints":{"allow":["GET"]}}],"collection":[{"href":"https:\/\/zonaroja.com.mx\/index.php?rest_route=\/wp\/v2\/posts"}],"about":[{"href":"https:\/\/zonaroja.com.mx\/index.php?rest_route=\/wp\/v2\/types\/post"}],"author":[{"embeddable":true,"href":"https:\/\/zonaroja.com.mx\/index.php?rest_route=\/wp\/v2\/users\/2"}],"replies":[{"embeddable":true,"href":"https:\/\/zonaroja.com.mx\/index.php?rest_route=%2Fwp%2Fv2%2Fcomments&post=78946"}],"version-history":[{"count":2,"href":"https:\/\/zonaroja.com.mx\/index.php?rest_route=\/wp\/v2\/posts\/78946\/revisions"}],"predecessor-version":[{"id":78950,"href":"https:\/\/zonaroja.com.mx\/index.php?rest_route=\/wp\/v2\/posts\/78946\/revisions\/78950"}],"wp:featuredmedia":[{"embeddable":true,"href":"https:\/\/zonaroja.com.mx\/index.php?rest_route=\/wp\/v2\/media\/78947"}],"wp:attachment":[{"href":"https:\/\/zonaroja.com.mx\/index.php?rest_route=%2Fwp%2Fv2%2Fmedia&parent=78946"}],"wp:term":[{"taxonomy":"category","embeddable":true,"href":"https:\/\/zonaroja.com.mx\/index.php?rest_route=%2Fwp%2Fv2%2Fcategories&post=78946"},{"taxonomy":"post_tag","embeddable":true,"href":"https:\/\/zonaroja.com.mx\/index.php?rest_route=%2Fwp%2Fv2%2Ftags&post=78946"}],"curies":[{"name":"wp","href":"https:\/\/api.w.org\/{rel}","templated":true}]}}