{"id":78951,"date":"2025-03-31T19:22:10","date_gmt":"2025-04-01T01:22:10","guid":{"rendered":"https:\/\/zonaroja.com.mx\/?p=78951"},"modified":"2025-03-31T19:22:11","modified_gmt":"2025-04-01T01:22:11","slug":"realiza-poder-legislativo-congreso-de-la-mujer-oaxaquena-2025","status":"publish","type":"post","link":"https:\/\/zonaroja.com.mx\/?p=78951","title":{"rendered":"Realiza Poder Legislativo Congreso de la Mujer Oaxaque\u00f1a 2025"},"content":{"rendered":"\n<p>Redacci\u00f3n\/Zona Roja.<\/p>\n\n\n\n<p>Oaxaca de Ju\u00e1rez, Oax., a 31 de marzo de 2025.- El Poder Legislativo del Estado llev\u00f3 a cabo el \u00abCongreso de la Mujer Oaxaque\u00f1a 2025\u00bb, en el marco del D\u00eda Internacional de la Mujer, con el prop\u00f3sito de fortalecer y visibilizar la participaci\u00f3n de las mujeres en la construcci\u00f3n de pol\u00edticas p\u00fablicas con perspectiva de g\u00e9nero.<\/p>\n\n\n\n<p>Lo anterior, de acuerdo con lo establecido por la entonces Sexag\u00e9sima Cuarta Legislatura Constitucional del Congreso de Oaxaca, mediante el decreto n\u00famero 545, aprobado el 19 de febrero de 2019.&nbsp;&nbsp;<\/p>\n\n\n\n<p>Participaron 42 mujeres mayores de 18 a\u00f1os quienes presentaron 40 iniciativas sobre movilidad segura, igualdad de g\u00e9nero, procuraci\u00f3n de justicia, salud sexual y reproductiva, interculturalidad, pueblos ind\u00edgenas y afromexicanos, identidad cultural, preservaci\u00f3n de las lenguas ind\u00edgenas, participaci\u00f3n pol\u00edtica, liderazgo comunitario, programa de apoyo a cocineras tradicionales, derechos humanos en centros penitenciarios, paridad de g\u00e9nero en los Ayuntamientos, principalmente.<\/p>\n\n\n\n<p>Previo a la elecci\u00f3n de la Mesa Directiva del Congreso de la Mujer Oaxaque\u00f1a, la sesi\u00f3n fue encabezada por la presidenta de la Comisi\u00f3n Permanente de Mujeres e Igualdad de G\u00e9nero, la diputada Dennis Garc\u00eda Guti\u00e9rrez y quienes conforman este \u00f3rgano legislativo, las congresistas Hayde\u00e9 Irma Reyes Soto, Jimena Yamil Arroyo Ju\u00e1rez, Elisa Zepeda Lagunas y Sandra Daniela Taurino Jim\u00e9nez.<\/p>\n\n\n\n<p>Al hacer uso de la palabra, Garc\u00eda Guti\u00e9rrez destac\u00f3 la labor de todas las participantes, quienes han caminado y luchado de forma permanente por la defensa de los derechos de las mujeres abriendo paso para quienes vienen detr\u00e1s.<\/p>\n\n\n\n<p>Hizo hincapi\u00e9 al mencionar que este tipo de espacios favorecen el di\u00e1logo y empoderamiento de esta poblaci\u00f3n, \u201cempoderamiento que tiene que ver no solo con su autonom\u00eda, sino tambi\u00e9n, con el acceso a oportunidades, en la toma de decisiones y la eliminaci\u00f3n de las barreras que hist\u00f3ricamente nos han frenado para seguir desarroll\u00e1ndonos en un mundo igualitario\u201d, subray\u00f3.<\/p>\n\n\n\n<p>Conforme al Orden del D\u00eda y despu\u00e9s de haber pasado lista a cada una de las participantes, \u00e9stas eligieron a su Mesa Directiva, la cual qued\u00f3 conformada por Natalia Sicar\u00fa Torres Gonz\u00e1lez, como Presidenta; Yuritzi Carolina Sol\u00eds, Vicepresidenta; Yamile del Carmen Osorio Rodr\u00edguez, Adriana Denit Herrera Garc\u00eda y Eduviges Marcela Enr\u00edquez Guerrero, como secretarias respectivamente.<\/p>\n\n\n\n<p>Mientras, que el Parlamento qued\u00f3 integrado por Intandehui Cruz Ortiz, Brenda Azucena Cruz Ram\u00edrez, Casandra Ameli Carbajal D\u00edaz, Joselina Gir\u00f3n Hern\u00e1ndez, Jhoana Fernanda Boh\u00f3rquez Rojas, Bellini L\u00f3pez Tapia, Jennifer Ivonne Mart\u00ednez Hern\u00e1ndez, Tania Sina\u00ed Santiago Ram\u00edrez, Alina Limet Santiago Jim\u00e9nez, Elena V\u00e1squez Hern\u00e1ndez, Sheily Denisse Tominez Raymundo, Rosario Cruz Cobos, Virginia Alicia Ruiz Medina.<\/p>\n\n\n\n<p>As\u00ed como, Natalia Sofia S\u00e1nchez Mej\u00eda, Mar\u00eda Isabel S\u00e1nchez Mart\u00ednez, Hannya Montzerrat Cruz Ram\u00edrez, Patricia Aquino Garc\u00eda, Karla Itzel L\u00f3pez Confesor, Anette Quetzalli Ruiz Rivas, Ivonne Estefan\u00eda Mart\u00ednez Torres, Concepci\u00f3n Antonia Enr\u00edquez Porras, Ingrid Peralta Orueta, Stephanie S\u00e1nchez Cruz, Lorena Karina Ignacio Bartolano, Gabriela Ita\u00ed de Paz Melchor.<\/p>\n\n\n\n<p>Asimismo, Kelly Aremi Francisco Ambrosio, Sabina Alejandra Aguilar V\u00e1zquez, Eneida Mecinas Arag\u00f3n, Elsa Victoria Alejo Pizarro, Yunnu\u00e9n Palacios Hern\u00e1ndez, Rub\u00ed Jazm\u00edn Cort\u00e9s Salazar, In\u00e9s Ruiz Garc\u00eda, Mar\u00eda Guadalupe Blanco M\u00e9ndez, Edith Mat\u00edas Juan, Lidia Liliana Jim\u00e9nez Rasgado, Monserrat Vicente Guti\u00e9rrez y Mariana Karina Patr\u00f3n Hern\u00e1ndez.<\/p>\n\n\n\n<p>Al participar en la clausura, la legisladora Elisa Zepeda Lagunas, precis\u00f3 que \u00e9ste es un ejercicio que permite el afianzamiento de las mujeres en el \u00e1mbito p\u00fablico y que todo cambio tiene que pasar por la toma de decisiones de las mismas, porque entre m\u00e1s espacios p\u00fablicos sean conquistados \u201cm\u00e1s seguro ser\u00e1 nuestro andar\u201d, sostuvo, al tiempo de externar que&nbsp; todas las ideas, aportes e iniciativas presentadas ser\u00e1n analizadas por la Comisi\u00f3n Permanente en la materia en aras de consolidar un Estado de igualdad y desarrollo para todas las mujeres oaxaque\u00f1as.<\/p>\n","protected":false},"excerpt":{"rendered":"<p>Redacci\u00f3n\/Zona Roja. Oaxaca de Ju\u00e1rez, Oax., a 31 de marzo de 2025.- El Poder Legislativo&hellip;<\/p>\n","protected":false},"author":2,"featured_media":78952,"comment_status":"closed","ping_status":"open","sticky":false,"template":"","format":"standard","meta":{"_lmt_disableupdate":"","_lmt_disable":"","_jetpack_memberships_contains_paid_content":false,"footnotes":""},"categories":[109,46],"tags":[303],"class_list":["post-78951","post","type-post","status-publish","format-standard","has-post-thumbnail","hentry","category-minuto-a-minuto","category-zona-blanca","tag-congreso-del-estado-de-oaxaca"],"jetpack_featured_media_url":"https:\/\/zonaroja.com.mx\/wp-content\/uploads\/2025\/03\/Congreso-de-la-Mujer-Oaxaquena-2025-2.jpeg","jetpack_sharing_enabled":true,"_links":{"self":[{"href":"https:\/\/zonaroja.com.mx\/index.php?rest_route=\/wp\/v2\/posts\/78951","targetHints":{"allow":["GET"]}}],"collection":[{"href":"https:\/\/zonaroja.com.mx\/index.php?rest_route=\/wp\/v2\/posts"}],"about":[{"href":"https:\/\/zonaroja.com.mx\/index.php?rest_route=\/wp\/v2\/types\/post"}],"author":[{"embeddable":true,"href":"https:\/\/zonaroja.com.mx\/index.php?rest_route=\/wp\/v2\/users\/2"}],"replies":[{"embeddable":true,"href":"https:\/\/zonaroja.com.mx\/index.php?rest_route=%2Fwp%2Fv2%2Fcomments&post=78951"}],"version-history":[{"count":1,"href":"https:\/\/zonaroja.com.mx\/index.php?rest_route=\/wp\/v2\/posts\/78951\/revisions"}],"predecessor-version":[{"id":78953,"href":"https:\/\/zonaroja.com.mx\/index.php?rest_route=\/wp\/v2\/posts\/78951\/revisions\/78953"}],"wp:featuredmedia":[{"embeddable":true,"href":"https:\/\/zonaroja.com.mx\/index.php?rest_route=\/wp\/v2\/media\/78952"}],"wp:attachment":[{"href":"https:\/\/zonaroja.com.mx\/index.php?rest_route=%2Fwp%2Fv2%2Fmedia&parent=78951"}],"wp:term":[{"taxonomy":"category","embeddable":true,"href":"https:\/\/zonaroja.com.mx\/index.php?rest_route=%2Fwp%2Fv2%2Fcategories&post=78951"},{"taxonomy":"post_tag","embeddable":true,"href":"https:\/\/zonaroja.com.mx\/index.php?rest_route=%2Fwp%2Fv2%2Ftags&post=78951"}],"curies":[{"name":"wp","href":"https:\/\/api.w.org\/{rel}","templated":true}]}}