{"id":78954,"date":"2025-03-31T19:23:29","date_gmt":"2025-04-01T01:23:29","guid":{"rendered":"https:\/\/zonaroja.com.mx\/?p=78954"},"modified":"2025-03-31T19:23:31","modified_gmt":"2025-04-01T01:23:31","slug":"alcanza-82-aprobacion-de-la-presidenta-claudia-sheinbaum","status":"publish","type":"post","link":"https:\/\/zonaroja.com.mx\/?p=78954","title":{"rendered":"Alcanza 82% aprobaci\u00f3n de la presidenta Claudia Sheinbaum"},"content":{"rendered":"\n<p>Redacci\u00f3n\/Zona Roja Cdmx.<\/p>\n\n\n\n<p>Ciudad de M\u00e9xico, a 31 de marzo de 2025.- La aprobaci\u00f3n de la presidenta Claudia Sheinbaum subi\u00f3 hasta un 82% a seis meses del inicio de su administraci\u00f3n y en medio de la imposici\u00f3n de aranceles al sector automotriz y el pr\u00f3ximo anuncio de tarifas rec\u00edprocas por el mandatario estadounidense, Donald Trump.<\/p>\n\n\n\n<p>De acuerdo con una encuesta realizada por El Pa\u00eds, Enkoll y W Radio, a la pregunta \u00bfUsted aprueba o desaprueba el trabajo de Claudia Sheinbaum como presidenta de M\u00e9xico?, el 82% de los ciudadanos afirm\u00f3 que \u201caprueba mucho\u201d la gesti\u00f3n de la mandataria; en tanto, 28% la \u201caprueba poco\u201d; 8% la \u201cdesaprueba poco\u201d y el 7% restante la \u201cdesaprueba mucho\u201d, y un 3% \u201cno sabe\/no respondi\u00f3\u201d.<\/p>\n\n\n\n<p>Cabe recordar que, al inicio de su mandato Sheinbaum Pardo presentaba una aprobaci\u00f3n del 76% y en este caso, los altos niveles de apoyo de los mexicanos se perciben en todas las franjas de edad, bajando solo ligeramente en el tramo de 18 a 24 a\u00f1os y en el de 45 a 54.<\/p>\n\n\n\n<p>A la pregunta de cu\u00e1nto conf\u00edan en c\u00f3mo est\u00e1 llevando la Sheinbaum la negociaci\u00f3n con Trump, un 68% responde positivamente, mientras que un 28% asegura que le genera \u201cpoca o nada\u201d confianza.<\/p>\n\n\n\n<p>Al respeto, la presidenta agradeci\u00f3 al pueblo mexicano por los resultados de esta encuesta y destac\u00f3 que la gente \u201cest\u00e1 muy informada y participa much\u00edsimo y adem\u00e1s, est\u00e1 empoderada en este 2025\u201d.<\/p>\n\n\n\n<p>Se\u00f1al\u00f3 que lo que percibe el pueblo de M\u00e9xico es muy distinto a lo que difunden los coment\u00f3cratas.<\/p>\n\n\n\n<p>Respecto a \u00bfqu\u00e9 es lo MEJOR que ha hecho la presidenta Claudia Sheinbaum en estos meses de gobierno?:<\/p>\n\n\n\n<p>Del 82% que la aprueba:<\/p>\n\n\n\n<p>45% afirma que los programas sociales<\/p>\n\n\n\n<p>16% apoyo a adultos mayores<\/p>\n\n\n\n<p>13% apoyos sociales<\/p>\n\n\n\n<p>11% apoyos de becas<\/p>\n\n\n\n<p>4% apoyo para mujeres<\/p>\n\n\n\n<p>1% apoyo a migrantes<\/p>\n\n\n\n<p>Otros:&nbsp;&nbsp;&nbsp;&nbsp;&nbsp;&nbsp;&nbsp;&nbsp;&nbsp;&nbsp;&nbsp;&nbsp;&nbsp;&nbsp;&nbsp;&nbsp;&nbsp;&nbsp;&nbsp;&nbsp;&nbsp;&nbsp;&nbsp;&nbsp;&nbsp;&nbsp;&nbsp;&nbsp;&nbsp;&nbsp;&nbsp;&nbsp;&nbsp;&nbsp;&nbsp;&nbsp;&nbsp;&nbsp;&nbsp;&nbsp;&nbsp;&nbsp;&nbsp;&nbsp;&nbsp;&nbsp;&nbsp;&nbsp;&nbsp;&nbsp;&nbsp;&nbsp;&nbsp;&nbsp;&nbsp;&nbsp;&nbsp;&nbsp;&nbsp;&nbsp;&nbsp;&nbsp;&nbsp;&nbsp;&nbsp;&nbsp;&nbsp;&nbsp;&nbsp;&nbsp;&nbsp;&nbsp;&nbsp;&nbsp;&nbsp;&nbsp;&nbsp;&nbsp;&nbsp;&nbsp;&nbsp;&nbsp;&nbsp;&nbsp;&nbsp;&nbsp;<\/p>\n\n\n\n<p>10% La postura que ha tomado frente a Donald Trump<\/p>\n\n\n\n<p>8% Tiene buenas propuestas\/ Trabaja bien<\/p>\n\n\n\n<p>6% El combate a la inseguridad \/ delincuencia&nbsp;<\/p>\n\n\n\n<p>Adem\u00e1s, un 67% de los encuestados considera que en general, la situaci\u00f3n del pa\u00eds ha mejorado desde la llegada de Claudia Sheinbaum al poder. Entre los rubros mejor valorados como un cambio para mejor, destacan:<\/p>\n\n\n\n<p>Apoyos sociales (89%)&nbsp;<\/p>\n\n\n\n<p>Derechos de las mujeres (84%)<\/p>\n\n\n\n<p>Sobre lo que la gente considera que es el principal problema para el pa\u00eds, la inseguridad se ubica en un 46%, la corrupci\u00f3n con el 13% y la falta de empleos el 8%.<\/p>\n\n\n\n<p>Ante la posibilidad de permitir que agentes estadounidenses operen en M\u00e9xico para combatir al crimen organizado, el 61% se muestra en desacuerdo, contra un 36% que afirma estar de acuerdo.<\/p>\n\n\n\n<p>(Informaci\u00f3n de SPR Informa)<\/p>\n","protected":false},"excerpt":{"rendered":"<p>Redacci\u00f3n\/Zona Roja Cdmx. Ciudad de M\u00e9xico, a 31 de marzo de 2025.- La aprobaci\u00f3n de&hellip;<\/p>\n","protected":false},"author":2,"featured_media":72993,"comment_status":"closed","ping_status":"open","sticky":false,"template":"","format":"standard","meta":{"_lmt_disableupdate":"","_lmt_disable":"","_jetpack_memberships_contains_paid_content":false,"footnotes":""},"categories":[109,46],"tags":[3370],"class_list":["post-78954","post","type-post","status-publish","format-standard","has-post-thumbnail","hentry","category-minuto-a-minuto","category-zona-blanca","tag-claudia-sheinbaum"],"jetpack_featured_media_url":"https:\/\/zonaroja.com.mx\/wp-content\/uploads\/2024\/10\/Claudia-Sheinbaum-1.jpg.webp","jetpack_sharing_enabled":true,"_links":{"self":[{"href":"https:\/\/zonaroja.com.mx\/index.php?rest_route=\/wp\/v2\/posts\/78954","targetHints":{"allow":["GET"]}}],"collection":[{"href":"https:\/\/zonaroja.com.mx\/index.php?rest_route=\/wp\/v2\/posts"}],"about":[{"href":"https:\/\/zonaroja.com.mx\/index.php?rest_route=\/wp\/v2\/types\/post"}],"author":[{"embeddable":true,"href":"https:\/\/zonaroja.com.mx\/index.php?rest_route=\/wp\/v2\/users\/2"}],"replies":[{"embeddable":true,"href":"https:\/\/zonaroja.com.mx\/index.php?rest_route=%2Fwp%2Fv2%2Fcomments&post=78954"}],"version-history":[{"count":1,"href":"https:\/\/zonaroja.com.mx\/index.php?rest_route=\/wp\/v2\/posts\/78954\/revisions"}],"predecessor-version":[{"id":78955,"href":"https:\/\/zonaroja.com.mx\/index.php?rest_route=\/wp\/v2\/posts\/78954\/revisions\/78955"}],"wp:featuredmedia":[{"embeddable":true,"href":"https:\/\/zonaroja.com.mx\/index.php?rest_route=\/wp\/v2\/media\/72993"}],"wp:attachment":[{"href":"https:\/\/zonaroja.com.mx\/index.php?rest_route=%2Fwp%2Fv2%2Fmedia&parent=78954"}],"wp:term":[{"taxonomy":"category","embeddable":true,"href":"https:\/\/zonaroja.com.mx\/index.php?rest_route=%2Fwp%2Fv2%2Fcategories&post=78954"},{"taxonomy":"post_tag","embeddable":true,"href":"https:\/\/zonaroja.com.mx\/index.php?rest_route=%2Fwp%2Fv2%2Ftags&post=78954"}],"curies":[{"name":"wp","href":"https:\/\/api.w.org\/{rel}","templated":true}]}}