{"id":78958,"date":"2025-04-01T07:15:00","date_gmt":"2025-04-01T13:15:00","guid":{"rendered":"https:\/\/zonaroja.com.mx\/?p=78958"},"modified":"2025-04-01T06:32:40","modified_gmt":"2025-04-01T12:32:40","slug":"registra-oaxaca-cinco-crimenes-durante-el-lunes-cuatro-en-el-istmo","status":"publish","type":"post","link":"https:\/\/zonaroja.com.mx\/?p=78958","title":{"rendered":"Registra Oaxaca cinco cr\u00edmenes durante el lunes; cuatro en el Istmo"},"content":{"rendered":"\n<p>Raymundo Morales\/Zona Roja.<\/p>\n\n\n\n<p>Oaxaca de Ju\u00e1rez, Oax., a 1 de abril de 2025.- Cinco personas fueron asesinadas en el \u00faltimo d\u00eda de marzo en Oaxaca, de las cuales cuatro v\u00edctimas son de la regi\u00f3n del Istmo de Tehuantepec, entre ellas una mujer.<\/p>\n\n\n\n<p>Anoche se registraron dos ataques armados en el municipio de Salina Cruz, el primero de ellos en la colonia Deportiva Norte, donde atacaron a balazos a dos personas a bordo de una motocicleta.<\/p>\n\n\n\n<p>En una vialidad a un costado de una unidad deportiva, quedaron los cuerpos de un hombre y una mujer, hasta anoche a\u00fan no identificados.<\/p>\n\n\n\n<p>Minutos despu\u00e9s otra agresi\u00f3n violenta ocurri\u00f3 en la colonia Francisco I. Madero, que dej\u00f3 como saldo una persona fallecida por disparos de arma de fuego y dos m\u00e1s lesionadas; \u00e9stas trasladadas a un hospital.<\/p>\n\n\n\n<p>Por la ma\u00f1ana, en jurisdicci\u00f3n del municipio de Juchit\u00e1n de Zaragoza, a la altura del camino a Santa Mar\u00eda Xadani, fue hallado el cuerpo sin vida de un hombre, con huellas de tortura, maniatado y con m\u00faltiples impactos de arma de fuego.<\/p>\n\n\n\n<p>Posteriormente fue identificado como Virgilio L. G., adulto mayor, quien tuvo su domicilio en la Octava Secci\u00f3n de dicho municipio y hasta el momento se desconocen las causas por las cuales fue ultimado.<\/p>\n\n\n\n<p>Por otra parte, en el municipio de Sa Felipe Tejal\u00e1pam, regi\u00f3n Valles Centrales, ayer muri\u00f3 en un hospital una persona del sexo masculino, que el fin de semana hab\u00eda sido atacada por un grupo de \u201ccholos\u201d, a una cuadra del palacio municipal.<\/p>\n\n\n\n<p>La v\u00edctima fue identificada como Mart\u00edn J. D., quien hab\u00eda acudido a comprar de cenar, cuando fue atacado por un grupo violento presuntamente comandado por Gerardo C., alias \u201cEl Ura\u201d y protegido por los polic\u00edas municipales.<\/p>\n\n\n\n<p>Los pobladores de Tejal\u00e1pam, Etla, se han quejado constantemente de este grupo de \u201ccholos\u201d y denuncian que el s\u00edndico municipal Benjam\u00edn Octavio Hern\u00e1ndez Mu\u00f1oz, elemento activo de la Agencia Estatal de Investigaciones, al parecer los protege, pues no ha hecho nada contra ellos, pese a que act\u00faan cotidianamente a unos pasos del palacio municipal, donde adem\u00e1s realizan \u201ccobro de piso\u201d a los comercios locales.<\/p>\n","protected":false},"excerpt":{"rendered":"<p>Raymundo Morales\/Zona Roja. Oaxaca de Ju\u00e1rez, Oax., a 1 de abril de 2025.- Cinco personas&hellip;<\/p>\n","protected":false},"author":2,"featured_media":78959,"comment_status":"closed","ping_status":"open","sticky":false,"template":"","format":"standard","meta":{"_lmt_disableupdate":"","_lmt_disable":"","_jetpack_memberships_contains_paid_content":false,"footnotes":""},"categories":[109,51],"tags":[1542,297,1606],"class_list":["post-78958","post","type-post","status-publish","format-standard","has-post-thumbnail","hentry","category-minuto-a-minuto","category-zona-roja","tag-ejecutado-en-salina-cruz","tag-ejecutado-juchitan","tag-san-felipe-tejalapam"],"jetpack_featured_media_url":"https:\/\/zonaroja.com.mx\/wp-content\/uploads\/2025\/04\/Ejecutados-Salina-Cruz.jpeg","jetpack_sharing_enabled":true,"_links":{"self":[{"href":"https:\/\/zonaroja.com.mx\/index.php?rest_route=\/wp\/v2\/posts\/78958","targetHints":{"allow":["GET"]}}],"collection":[{"href":"https:\/\/zonaroja.com.mx\/index.php?rest_route=\/wp\/v2\/posts"}],"about":[{"href":"https:\/\/zonaroja.com.mx\/index.php?rest_route=\/wp\/v2\/types\/post"}],"author":[{"embeddable":true,"href":"https:\/\/zonaroja.com.mx\/index.php?rest_route=\/wp\/v2\/users\/2"}],"replies":[{"embeddable":true,"href":"https:\/\/zonaroja.com.mx\/index.php?rest_route=%2Fwp%2Fv2%2Fcomments&post=78958"}],"version-history":[{"count":1,"href":"https:\/\/zonaroja.com.mx\/index.php?rest_route=\/wp\/v2\/posts\/78958\/revisions"}],"predecessor-version":[{"id":78960,"href":"https:\/\/zonaroja.com.mx\/index.php?rest_route=\/wp\/v2\/posts\/78958\/revisions\/78960"}],"wp:featuredmedia":[{"embeddable":true,"href":"https:\/\/zonaroja.com.mx\/index.php?rest_route=\/wp\/v2\/media\/78959"}],"wp:attachment":[{"href":"https:\/\/zonaroja.com.mx\/index.php?rest_route=%2Fwp%2Fv2%2Fmedia&parent=78958"}],"wp:term":[{"taxonomy":"category","embeddable":true,"href":"https:\/\/zonaroja.com.mx\/index.php?rest_route=%2Fwp%2Fv2%2Fcategories&post=78958"},{"taxonomy":"post_tag","embeddable":true,"href":"https:\/\/zonaroja.com.mx\/index.php?rest_route=%2Fwp%2Fv2%2Ftags&post=78958"}],"curies":[{"name":"wp","href":"https:\/\/api.w.org\/{rel}","templated":true}]}}