{"id":78967,"date":"2025-04-01T10:15:00","date_gmt":"2025-04-01T16:15:00","guid":{"rendered":"https:\/\/zonaroja.com.mx\/?p=78967"},"modified":"2025-04-01T07:12:43","modified_gmt":"2025-04-01T13:12:43","slug":"va-por-quinto-dia-protesta-en-la-supercarretera-oaxaca-puerto-escondido","status":"publish","type":"post","link":"https:\/\/zonaroja.com.mx\/?p=78967","title":{"rendered":"Va por quinto d\u00eda protesta en la supercarretera Oaxaca-Puerto Escondido"},"content":{"rendered":"\n<p>Ismael Garc\u00eda M.\/Zona Roja.<\/p>\n\n\n\n<p>Oaxaca de Ju\u00e1rez, Oax., a 1 de abril de 2025.- Por quinto d\u00eda, contin\u00faa la protesta de transportistas y pobladores de la zona de los Coatlanes, en la caseta de peaje de la supercarretera Oaxaca-Puerto Escondido.<\/p>\n\n\n\n<p>Ello para insistir que a las unidades de motor de transporte de pasajeros que tienen congestionadas, no se les cobre la cuota respectiva.<\/p>\n\n\n\n<p>Las movilizaciones iniciaron el pasado viernes, en que los pobladores se apoderaron de la caseta y permitieron el paso de veh\u00edculos pero con el cobro propio.<\/p>\n\n\n\n<p>En tanto que a al menos cinco autobuses de la l\u00ednea ADO les fue impedido transitar por la zona, por lo que por m\u00e1s de 12 horas, decenas de usuarios quedaron varados.<\/p>\n\n\n\n<p>Los integrantes de Transportistas Unidos de la Regi\u00f3n Coatlanes y Regi\u00f3n Costa, emplazaron a las autoridades estatales y federales a ser escuchados o de lo contrario \u201crealizar\u00e1n acciones contundentes de lucha y de protesta\u201d.<\/p>\n\n\n\n<p>Si en el plazo de 24 horas no obtienen una respuesta clara, \u201cse reservan la libertad para seguir con acciones de lucha y protesta m\u00e1s contundentes a partir del &nbsp;d\u00eda mi\u00e9rcoles 2 de abril, solicitando a la sociedad y a los usuarios de la autopista Barranca Larga-Ventanilla su comprensi\u00f3n\u201d.<\/p>\n\n\n\n<p>En un comunicado, detallaron que son grupos de transportistas en sus diferentes modalidades, como lo son volteos, camiones de carga, camiones madereros, taxistas, camionetas de servicio mixto y urvans de pasajeros.<\/p>\n\n\n\n<p>Pertenecen a Santa Mar\u00eda Colotepec San Pablo Coatl\u00e1n, San Vicente Coatl\u00e1n, San Francisco Coatl\u00e1n, San Pedro Coatl\u00e1n, San Antonio Lalana, &nbsp;San Sebasti\u00e1n Coatl\u00e1n, San Ger\u00f3nimo Coatl\u00e1n, San Isidro Comitlan, Cieneguilla, El Gavil\u00e1n, Santa Catarina Coatl\u00e1n, Yogana y Barranca Larga; adem\u00e1s, tambi\u00e9n participan autoridades agrarias y agencias municipales.<\/p>\n\n\n\n<p>\u201cDe manera pac\u00edfica, respetuosa e institucional hemos solicitado a las instancias competentes mesas de trabajo encaminadas a proponer y recibir propuestas para obtener un esquema en el cobro de peaje en las casetas &nbsp;Barranca Larga y Ventanilla de la autopista 175D que beneficie al sector del transporte en la regi\u00f3n, sin embargo, las autoridades han hecho o\u00eddos sordos y ante ello se han implementado acciones de protesta por esta indiferencia y falta de sensibilidad hacia nuestros pueblos\u201d, expusieron.<\/p>\n","protected":false},"excerpt":{"rendered":"<p>Ismael Garc\u00eda M.\/Zona Roja. Oaxaca de Ju\u00e1rez, Oax., a 1 de abril de 2025.- Por&hellip;<\/p>\n","protected":false},"author":2,"featured_media":78968,"comment_status":"closed","ping_status":"open","sticky":false,"template":"","format":"standard","meta":{"_lmt_disableupdate":"","_lmt_disable":"","_jetpack_memberships_contains_paid_content":false,"footnotes":""},"categories":[109,47],"tags":[3639],"class_list":["post-78967","post","type-post","status-publish","format-standard","has-post-thumbnail","hentry","category-minuto-a-minuto","category-zona-gris","tag-supercarretera-oaxaca-costa"],"jetpack_featured_media_url":"https:\/\/zonaroja.com.mx\/wp-content\/uploads\/2025\/04\/Protesta-Barranca-Larga-caseta-peaje.jpg","jetpack_sharing_enabled":true,"_links":{"self":[{"href":"https:\/\/zonaroja.com.mx\/index.php?rest_route=\/wp\/v2\/posts\/78967","targetHints":{"allow":["GET"]}}],"collection":[{"href":"https:\/\/zonaroja.com.mx\/index.php?rest_route=\/wp\/v2\/posts"}],"about":[{"href":"https:\/\/zonaroja.com.mx\/index.php?rest_route=\/wp\/v2\/types\/post"}],"author":[{"embeddable":true,"href":"https:\/\/zonaroja.com.mx\/index.php?rest_route=\/wp\/v2\/users\/2"}],"replies":[{"embeddable":true,"href":"https:\/\/zonaroja.com.mx\/index.php?rest_route=%2Fwp%2Fv2%2Fcomments&post=78967"}],"version-history":[{"count":1,"href":"https:\/\/zonaroja.com.mx\/index.php?rest_route=\/wp\/v2\/posts\/78967\/revisions"}],"predecessor-version":[{"id":78969,"href":"https:\/\/zonaroja.com.mx\/index.php?rest_route=\/wp\/v2\/posts\/78967\/revisions\/78969"}],"wp:featuredmedia":[{"embeddable":true,"href":"https:\/\/zonaroja.com.mx\/index.php?rest_route=\/wp\/v2\/media\/78968"}],"wp:attachment":[{"href":"https:\/\/zonaroja.com.mx\/index.php?rest_route=%2Fwp%2Fv2%2Fmedia&parent=78967"}],"wp:term":[{"taxonomy":"category","embeddable":true,"href":"https:\/\/zonaroja.com.mx\/index.php?rest_route=%2Fwp%2Fv2%2Fcategories&post=78967"},{"taxonomy":"post_tag","embeddable":true,"href":"https:\/\/zonaroja.com.mx\/index.php?rest_route=%2Fwp%2Fv2%2Ftags&post=78967"}],"curies":[{"name":"wp","href":"https:\/\/api.w.org\/{rel}","templated":true}]}}