{"id":78973,"date":"2025-04-01T12:21:00","date_gmt":"2025-04-01T18:21:00","guid":{"rendered":"https:\/\/zonaroja.com.mx\/?p=78973"},"modified":"2025-04-01T07:21:46","modified_gmt":"2025-04-01T13:21:46","slug":"opinion-stauo-la-rupturaopinion","status":"publish","type":"post","link":"https:\/\/zonaroja.com.mx\/?p=78973","title":{"rendered":"Opini\u00f3n.\u00a0STAUO: la rupturaOpini\u00f3n.\u00a0"},"content":{"rendered":"\n<p>Isidoro Yescas*<\/p>\n\n\n\n<p>A poco m\u00e1s de un a\u00f1o que Cristian Carre\u00f1o deje la rector\u00eda de la UABJO, todo parece indicar que, contrariamente al relevo rectoral del 2022, en esta ocasi\u00f3n dos factores podr\u00edan alterar cualquier decisi\u00f3n que surja del autodenominado Consejo Pol\u00edtico del STAUO para impulsar un candidato de unidad: de un lado, la fractura dentro del citado Consejo&nbsp;que, como antecedente inmediato,&nbsp;en el 2022 consens\u00f3 y sac\u00f3 adelante una candidatura &nbsp;distinta a la que se pretendi\u00f3 imponer desde el Palacio de Gobierno;&nbsp;y&nbsp;del otro,&nbsp;la captura pol\u00edtica de la UABJO por parte de la expresi\u00f3n gobernante &nbsp;de Morena, prohijada&nbsp;por el mismo&nbsp;rector Carre\u00f1o y la dirigencia del STAUO.<\/p>\n\n\n\n<p>Integrado por liderazgos de las facultades de Odontolog\u00eda, Enfermer\u00eda, Ciencias Qu\u00edmicas, Arquitectura 5 de Mayo y la Preparatoria 2, adem\u00e1s del rector, &nbsp;el Consejo Pol\u00edtico del sindicato titular del contrato colectivo de los trabajadores acad\u00e9micos y primera fuerza pol\u00edtica en la UABJO&nbsp;enfrenta hoy una divisi\u00f3n&nbsp;que ya se refleja p\u00fablicamente en los dos bloques &nbsp;que estar\u00edan disputando para el mes de mayo la Secretar\u00eda General del STAUO: el bloque oficialista,&nbsp;con el rector Cristian Carre\u00f1o al frente,&nbsp;que apuesta al continuismo y que impulsa&nbsp;al Secretario T\u00e9cnico de la rector\u00eda,&nbsp;V\u00edctor&nbsp;Ric\u00e1rdez&nbsp;Espinoza,&nbsp;para relevar a Enrique Mart\u00ednez&nbsp;Mart\u00ednez,&nbsp;y el bloque disidente, que ya promueve desde ahora&nbsp;como su precandidato&nbsp;al secretario de Planeaci\u00f3n, Aristeo Salvador Segura.<\/p>\n\n\n\n<p>A reserva de volver sobre el tema, lo que por ahora me interesa destacar es que, con independencia del alineamiento que se registre en derredor de estas dos precandidaturas,&nbsp;el alejamiento del Consejo Pol\u00edtico del STAUO&nbsp;por parte del Qu\u00edmico&nbsp;Salvador Segura y del exrector Rafael Torres&nbsp;Valdez&nbsp;(con influencia pol\u00edtica en las facultades de Ciencias Qu\u00edmicas y Arquitectura 5 de Mayo, respectivamente) es una clara se\u00f1al que apunta a c\u00f3mo podr\u00eda modificarse la correlaci\u00f3n de fuerzas para el relevo rectoral del 2026.&nbsp;<\/p>\n\n\n\n<p>Y previo a esta elecci\u00f3n madre, que para variar nuevamente ser\u00e1 por voto universal, directo y secreto,&nbsp;pues el rector Carre\u00f1o incumpli\u00f3 con&nbsp;su compromiso&nbsp;de campa\u00f1a&nbsp;de pugnar por dotar a la UABJO de una nueva Ley Org\u00e1nica, los resultados de las elecciones de director (a) en las facultades de Medicina, Contadur\u00eda y Derecho, tambi\u00e9n podr\u00edan resultar determinantes para consolidar o minar el proyecto continuista del grupo pol\u00edtico dominante que, a contrapelo de la larga historia no partidista de la UABJO y de su sana distancia con los gobernantes en turno, hoy tiene postrada a esta Casa de Estudios a los pies de la camarilla gobernante primaveral.<\/p>\n\n\n\n<p>En las tres facultades&nbsp;ya&nbsp;citadas,&nbsp;CristianCarre\u00f1o y su grupo pol\u00edtico &nbsp;se juegan &nbsp;&#8211; y jugar\u00e1n- el todo por el todo para preservar el control&nbsp;de la direcci\u00f3n de la&nbsp;Facultad de Contadur\u00eda, contar con una aliada confiable en Medicina,&nbsp;e intentar arrebatarle al &nbsp;matrimonio Mart\u00ednez&nbsp;Helm\u00e9s- P\u00e9rez Campos (SUMA) el control de la&nbsp;direcci\u00f3n de la&nbsp;Facultad de Derecho.<\/p>\n\n\n\n<p>Sin embargo, no las traen todas consigo pues, con excepci\u00f3n de Contadur\u00eda, en Medicina&nbsp;tienen la derrota asegurada si el rector Carre\u00f1o insiste en imponer a la Coordinadora de Internado y Campos Cl\u00ednicos, Beatriz Garc\u00eda Estrada,&nbsp;se\u00f1alada por docentes y el alumnado de actos de corrupci\u00f3n relacionados con los nuevos ingresos en&nbsp;el&nbsp;pasado ciclo escolar;&nbsp;y en Derecho&nbsp;la directora Roc\u00edo Mart\u00ednez&nbsp;Helmes&nbsp;y el&nbsp;exdirector P\u00e9rez Campos ya se blindaron&nbsp;de cualquier sorpresa para&nbsp;afianzar&nbsp;a esta facultad no solamente&nbsp;como&nbsp;un bunker porril&nbsp;y Ateneo Primaveral,&nbsp;sino en su plataforma de lanzamiento para su candidatura a la rector\u00eda.<\/p>\n\n\n\n<p>Todo parece indicar, entonces, que de poco le servir\u00e1 al rector Cristian Carre\u00f1o sus abrazos y genuflexiones con el jefe del Poder Ejecutivo&nbsp;y haber&nbsp;mutado&nbsp;discursivamente&nbsp;del color tricolor al guinda, pues los controles pol\u00edticos que presum\u00eda se empiezan a romper desde dentro, empezando por &nbsp;su propio sindicato, y todo apunta que si no se aplica &nbsp;las elecciones&nbsp;que ya la UABJO tiene en&nbsp;puerta se le podr\u00edan descarrilar.&nbsp;<\/p>\n\n\n\n<p>*Maestro en Sociolog\u00eda.<\/p>\n\n\n\n<p>X:@YescasIsidoro<\/p>\n","protected":false},"excerpt":{"rendered":"<p>Isidoro Yescas* A poco m\u00e1s de un a\u00f1o que Cristian Carre\u00f1o deje la rector\u00eda de&hellip;<\/p>\n","protected":false},"author":2,"featured_media":78328,"comment_status":"closed","ping_status":"open","sticky":false,"template":"","format":"standard","meta":{"_lmt_disableupdate":"","_lmt_disable":"","_jetpack_memberships_contains_paid_content":false,"footnotes":""},"categories":[456,109],"tags":[3998],"class_list":["post-78973","post","type-post","status-publish","format-standard","has-post-thumbnail","hentry","category-columna","category-minuto-a-minuto","tag-isidoro-yescas-martinez"],"jetpack_featured_media_url":"https:\/\/zonaroja.com.mx\/wp-content\/uploads\/2025\/03\/Isidoro-Yescas-Martinez.jpg","jetpack_sharing_enabled":true,"_links":{"self":[{"href":"https:\/\/zonaroja.com.mx\/index.php?rest_route=\/wp\/v2\/posts\/78973","targetHints":{"allow":["GET"]}}],"collection":[{"href":"https:\/\/zonaroja.com.mx\/index.php?rest_route=\/wp\/v2\/posts"}],"about":[{"href":"https:\/\/zonaroja.com.mx\/index.php?rest_route=\/wp\/v2\/types\/post"}],"author":[{"embeddable":true,"href":"https:\/\/zonaroja.com.mx\/index.php?rest_route=\/wp\/v2\/users\/2"}],"replies":[{"embeddable":true,"href":"https:\/\/zonaroja.com.mx\/index.php?rest_route=%2Fwp%2Fv2%2Fcomments&post=78973"}],"version-history":[{"count":1,"href":"https:\/\/zonaroja.com.mx\/index.php?rest_route=\/wp\/v2\/posts\/78973\/revisions"}],"predecessor-version":[{"id":78974,"href":"https:\/\/zonaroja.com.mx\/index.php?rest_route=\/wp\/v2\/posts\/78973\/revisions\/78974"}],"wp:featuredmedia":[{"embeddable":true,"href":"https:\/\/zonaroja.com.mx\/index.php?rest_route=\/wp\/v2\/media\/78328"}],"wp:attachment":[{"href":"https:\/\/zonaroja.com.mx\/index.php?rest_route=%2Fwp%2Fv2%2Fmedia&parent=78973"}],"wp:term":[{"taxonomy":"category","embeddable":true,"href":"https:\/\/zonaroja.com.mx\/index.php?rest_route=%2Fwp%2Fv2%2Fcategories&post=78973"},{"taxonomy":"post_tag","embeddable":true,"href":"https:\/\/zonaroja.com.mx\/index.php?rest_route=%2Fwp%2Fv2%2Ftags&post=78973"}],"curies":[{"name":"wp","href":"https:\/\/api.w.org\/{rel}","templated":true}]}}