{"id":78979,"date":"2025-04-01T15:29:04","date_gmt":"2025-04-01T21:29:04","guid":{"rendered":"https:\/\/zonaroja.com.mx\/?p=78979"},"modified":"2025-04-01T15:29:04","modified_gmt":"2025-04-01T21:29:04","slug":"por-ola-de-calor-temperatura-de-hasta-43-grados-en-oaxaca","status":"publish","type":"post","link":"https:\/\/zonaroja.com.mx\/?p=78979","title":{"rendered":"Por ola de calor, temperatura de hasta 43 grados en Oaxaca&nbsp;"},"content":{"rendered":"\n<p>Redacci\u00f3n\/Zona Roja.&nbsp;<\/p>\n\n\n\n<p class=\"MsoNormal\">Oaxaca de Ju\u00e1rez, Oax. 1 de abril de 2025.- La Coordinaci\u00f3n Estatal de Protecci\u00f3n Civil y Gesti\u00f3n de Riesgos de Oaxaca dio a conocer que,&nbsp;este lunes, se registraron temperaturas m\u00e1ximas entre los 33 y 43 grados en los municipios de San Juan Lalana, San Juan Bautista Valle Nacional, San Lucas Ojitl\u00e1n y Santa Mar\u00eda Jacatepec, pertenecientes a la regi\u00f3n Cuenca del Papaloapan.<\/p>\n\n\n\n<p class=\"MsoNormal\">De igual manera en Magdalena&nbsp;Tequisistl\u00e1n, San Francisco Ixhuat\u00e1n,&nbsp;Nejapa de Madero,&nbsp;Santo Domingo Zanatepec, Oaxaca de Ju\u00e1rez, Santa Mar\u00eda Tonameca,y San Pedro y San Pablo Ayutla.<\/p>\n\n\n\n<p class=\"MsoNormal\">En este sentido, el organismo exhorta a la ciudadan\u00eda a consumir suficiente agua durante el d\u00eda, sobre todo, a quienes trabajan a la intemperie; y mantenerse alerta ante s\u00edntomas como: alta temperatura del cuerpo, piel seca, enrojecida y caliente; confusi\u00f3n mental y convulsiones. En caso de presentar estos malestares es importante acudir al \u00e1rea de urgencias del hospital m\u00e1s cercano.<\/p>\n\n\n\n<p class=\"MsoNormal\">Las altas temperaturas tambi\u00e9n pueden provocar un golpe de calor en los animales, por ello se recomienda no dejarlos en las azoteas, mantenerlos en zonas frescas y ventiladas, darles agua fresca y limpia a disposici\u00f3n; en el caso de los perros, pasearlos a primera hora en la ma\u00f1ana o por la tarde noche, cuando las temperaturas del aire y del pavimento se hayan enfriado.<\/p>\n","protected":false},"excerpt":{"rendered":"<p>Redacci\u00f3n\/Zona Roja.&nbsp; Oaxaca de Ju\u00e1rez, Oax. 1 de abril de 2025.- La Coordinaci\u00f3n Estatal de&hellip;<\/p>\n","protected":false},"author":2,"featured_media":78978,"comment_status":"closed","ping_status":"open","sticky":false,"template":"","format":"standard","meta":{"_lmt_disableupdate":"","_lmt_disable":"","_jetpack_memberships_contains_paid_content":false,"footnotes":""},"categories":[109,47],"tags":[],"class_list":["post-78979","post","type-post","status-publish","format-standard","has-post-thumbnail","hentry","category-minuto-a-minuto","category-zona-gris"],"jetpack_featured_media_url":"https:\/\/zonaroja.com.mx\/wp-content\/uploads\/2025\/04\/informa-proteccion-civil-sobre-altas-temperaturas-registradas-en-municipios-de-oaxaca-1.jpg","jetpack_sharing_enabled":true,"_links":{"self":[{"href":"https:\/\/zonaroja.com.mx\/index.php?rest_route=\/wp\/v2\/posts\/78979","targetHints":{"allow":["GET"]}}],"collection":[{"href":"https:\/\/zonaroja.com.mx\/index.php?rest_route=\/wp\/v2\/posts"}],"about":[{"href":"https:\/\/zonaroja.com.mx\/index.php?rest_route=\/wp\/v2\/types\/post"}],"author":[{"embeddable":true,"href":"https:\/\/zonaroja.com.mx\/index.php?rest_route=\/wp\/v2\/users\/2"}],"replies":[{"embeddable":true,"href":"https:\/\/zonaroja.com.mx\/index.php?rest_route=%2Fwp%2Fv2%2Fcomments&post=78979"}],"version-history":[{"count":1,"href":"https:\/\/zonaroja.com.mx\/index.php?rest_route=\/wp\/v2\/posts\/78979\/revisions"}],"predecessor-version":[{"id":78980,"href":"https:\/\/zonaroja.com.mx\/index.php?rest_route=\/wp\/v2\/posts\/78979\/revisions\/78980"}],"wp:featuredmedia":[{"embeddable":true,"href":"https:\/\/zonaroja.com.mx\/index.php?rest_route=\/wp\/v2\/media\/78978"}],"wp:attachment":[{"href":"https:\/\/zonaroja.com.mx\/index.php?rest_route=%2Fwp%2Fv2%2Fmedia&parent=78979"}],"wp:term":[{"taxonomy":"category","embeddable":true,"href":"https:\/\/zonaroja.com.mx\/index.php?rest_route=%2Fwp%2Fv2%2Fcategories&post=78979"},{"taxonomy":"post_tag","embeddable":true,"href":"https:\/\/zonaroja.com.mx\/index.php?rest_route=%2Fwp%2Fv2%2Ftags&post=78979"}],"curies":[{"name":"wp","href":"https:\/\/api.w.org\/{rel}","templated":true}]}}